{"id":5602,"date":"2025-03-26T14:08:21","date_gmt":"2025-03-26T13:08:21","guid":{"rendered":"https:\/\/hederaerasmus.com\/?p=5602"},"modified":"2025-03-26T16:43:04","modified_gmt":"2025-03-26T15:43:04","slug":"primul-raport-preliminar-rezultatele-proiectului-hedera","status":"publish","type":"post","link":"https:\/\/hederaerasmus.com\/ro\/primul-raport-preliminar-rezultatele-proiectului-hedera\/","title":{"rendered":"Primul raport preliminar: rezultatele proiectului Hedera"},"content":{"rendered":"<p>\u00cemp\u0103rt\u0103\u0219im primul raport de rezultate al proiectului Hedera, care ofer\u0103 o viziune ini\u021bial\u0103 asupra familiilor participante, etapelor proiectului, \u00eenceputului implement\u0103rii modelului \u0219i profilului \u0219i form\u0103rii profesioni\u0219tilor care fac posibil proiectul Hedera. De\u0219i rezultatele proiectului Hedera sunt preliminare, datele reflect\u0103 progrese pozitive \u0219i un \u00eenceput promi\u021b\u0103tor pentru acest model de interven\u021bie.<\/p>\n<h2>Prima fotografie a rezultatelor proiectului Hedera<\/h2>\n<p>P\u00e2n\u0103 \u00een decembrie 2024, proiectul Hedera va avea <strong>43 de terapeu\u021bi \u0219i 115 familii participante<\/strong>. Dintre acestea, <strong>34,73%<\/strong> au p\u0103rin\u021bi separa\u021bi, <strong>21,5%<\/strong> sunt familii monoparentale \u0219i <strong>10,34%<\/strong> sunt familii adoptive.<\/p>\n<p>Proiectul urmeaz\u0103 trei etape principale:<\/p>\n<ul>\n<li>Dezvoltarea modelului de interven\u021bie \u0219i proiectarea cercet\u0103rii.<\/li>\n<li>Implementarea cu familiile, utiliz\u00e2nd chestionare \u0219i instrumente de analiz\u0103. Ne afl\u0103m actualmente \u00een aceast\u0103 etap\u0103.<\/li>\n<li>Formarea profesioni\u0219tilor.<\/li>\n<\/ul>\n<p>Printre motivele de consultare ale familiilor se num\u0103r\u0103 consolidarea func\u021biei parentale \u0219i materne, sus\u021binerea bun\u0103st\u0103rii copilului \u0219i gestionarea problemelor de comportament ale copiilor.<\/p>\n<h2><img loading=\"lazy\" decoding=\"async\" class=\"alignnone wp-image-5603 \" style=\"font-family: -apple-system, system-ui, BlinkMacSystemFont, 'Segoe UI', Helvetica, Arial, sans-serif, 'Apple Color Emoji', 'Segoe UI Emoji', 'Segoe UI Symbol';font-size: 17px\" src=\"https:\/\/hederaerasmus.com\/wp-content\/uploads\/2025\/03\/RO-Prima-fotografie-a-rezultatelor-300x212.png\" alt=\"\" width=\"1000\" height=\"707\" srcset=\"https:\/\/hederaerasmus.com\/wp-content\/uploads\/2025\/03\/RO-Prima-fotografie-a-rezultatelor-300x212.png 300w, https:\/\/hederaerasmus.com\/wp-content\/uploads\/2025\/03\/RO-Prima-fotografie-a-rezultatelor-1024x724.png 1024w, https:\/\/hederaerasmus.com\/wp-content\/uploads\/2025\/03\/RO-Prima-fotografie-a-rezultatelor-768x543.png 768w, https:\/\/hederaerasmus.com\/wp-content\/uploads\/2025\/03\/RO-Prima-fotografie-a-rezultatelor-1536x1086.png 1536w, https:\/\/hederaerasmus.com\/wp-content\/uploads\/2025\/03\/RO-Prima-fotografie-a-rezultatelor.png 2000w\" sizes=\"auto, (max-width: 1000px) 100vw, 1000px\" \/><\/h2>\n<h2>Profilul profesional al echipei proiectului Hedera<\/h2>\n<p>Echipa proiectului este compus\u0103 din profesioni\u0219ti din entit\u0103\u021bi din <strong>Spania, Fran\u021ba, Italia \u0219i Rom\u00e2nia<\/strong>. <strong>79%<\/strong> sunt femei, cu o v\u00e2rst\u0103 medie de <strong>41 de ani<\/strong>, iar majoritatea echipei provine din domeniul <strong>psihologiei<\/strong>, urmat de <strong>educa\u021bia social\u0103<\/strong> \u0219i <strong>munca social\u0103<\/strong>.<\/p>\n<p>Profesioni\u0219tii implica\u021bi sunt to\u021bi terapeu\u021bi familiari cu preg\u0103tire \u00een <strong>terapie sistemic\u0103 \u0219i ata\u0219ament<\/strong>, cu experien\u021b\u0103 \u00een <strong>interven\u021bie socio-educativ\u0103<\/strong> \u0219i <strong>tratamentul traumei<\/strong>. De asemenea, <strong>56%<\/strong> aveau deja experien\u021b\u0103 \u00een lucrul terapeutic la domiciliu \u00eenainte de \u00eenceputul proiectului.<\/p>\n<h2><img loading=\"lazy\" decoding=\"async\" class=\"alignnone wp-image-5610 \" src=\"https:\/\/hederaerasmus.com\/wp-content\/uploads\/2025\/03\/RO-Profesionisti-de-proiect-300x212.png\" alt=\"\" width=\"1013\" height=\"716\" srcset=\"https:\/\/hederaerasmus.com\/wp-content\/uploads\/2025\/03\/RO-Profesionisti-de-proiect-300x212.png 300w, https:\/\/hederaerasmus.com\/wp-content\/uploads\/2025\/03\/RO-Profesionisti-de-proiect-1024x724.png 1024w, https:\/\/hederaerasmus.com\/wp-content\/uploads\/2025\/03\/RO-Profesionisti-de-proiect-768x543.png 768w, https:\/\/hederaerasmus.com\/wp-content\/uploads\/2025\/03\/RO-Profesionisti-de-proiect-1536x1086.png 1536w, https:\/\/hederaerasmus.com\/wp-content\/uploads\/2025\/03\/RO-Profesionisti-de-proiect.png 2000w\" sizes=\"auto, (max-width: 1013px) 100vw, 1013px\" \/><\/h2>\n<h2>Formarea intern\u0103: baza pentru o implementare eficient\u0103<\/h2>\n<p>Fiecare entitate implicat\u0103 \u00een Hedera a organizat sesiuni de formare pentru profesioni\u0219tii implica\u021bi \u00een implementarea modelului. Aceste sesiuni au abordat aspecte cheie, cum ar fi introducerea \u00een modelul Hedera, principiile sale, tehnicile \u0219i metodologiile utilizate \u0219i colectarea datelor.<\/p>\n<p>Evalu\u0103rile preliminare indic\u0103 faptul c\u0103 formarea a fost bine primit\u0103 de participan\u021bi. <strong>62%<\/strong> dintre responden\u021bi au evaluat sesiunea ca fiind <strong>&#8222;foarte bun\u0103&#8221;<\/strong> \u0219i <strong>50%<\/strong> au considerat materialele de formare ca fiind <strong>&#8222;foarte bune&#8221;<\/strong>. Cele mai apreciate aspecte au inclus claritatea descrierii procesului de interven\u021bie, \u00een\u021belegerea contextului proiectului \u0219i oportunitatea de a consolida instrumentele de interven\u021bie terapeutic\u0103 la domiciliu.<\/p>\n<p>\u00cen ceea ce prive\u0219te abilit\u0103\u021bile necesare pentru realizarea terapiei la domiciliu, rezultatele arat\u0103 c\u0103 profesioni\u0219tii au subliniat importan\u021ba tehnicilor \u0219i instrumentelor, utilizarea instrumentelor de evaluare \u0219i dezvoltarea sesiunilor.<\/p>\n<h2><img loading=\"lazy\" decoding=\"async\" class=\"alignnone wp-image-5617 \" src=\"https:\/\/hederaerasmus.com\/wp-content\/uploads\/2025\/03\/RO-Formarea-interna-300x212.png\" alt=\"\" width=\"1022\" height=\"722\" srcset=\"https:\/\/hederaerasmus.com\/wp-content\/uploads\/2025\/03\/RO-Formarea-interna-300x212.png 300w, https:\/\/hederaerasmus.com\/wp-content\/uploads\/2025\/03\/RO-Formarea-interna-1024x724.png 1024w, https:\/\/hederaerasmus.com\/wp-content\/uploads\/2025\/03\/RO-Formarea-interna-768x543.png 768w, https:\/\/hederaerasmus.com\/wp-content\/uploads\/2025\/03\/RO-Formarea-interna-1536x1086.png 1536w, https:\/\/hederaerasmus.com\/wp-content\/uploads\/2025\/03\/RO-Formarea-interna.png 2000w\" sizes=\"auto, (max-width: 1022px) 100vw, 1022px\" \/><\/h2>\n<h2>Concluzie<\/h2>\n<p>Acest prim raport de rezultate al proiectului Hedera ofer\u0103 o viziune ini\u021bial\u0103 asupra progreselor realizate \u00een formare \u0219i implementarea modelului de interven\u021bie familial\u0103 la domiciliu. De\u0219i este \u00eenc\u0103 prea devreme pentru a face afirma\u021bii definitive, datele preliminare reflect\u0103 o primire pozitiv\u0103 din partea echipei profesionale \u0219i a familiilor participante, suger\u00e2nd un dezvoltare promi\u021b\u0103toare a acestui model de interven\u021bie pe m\u0103sur\u0103 ce proiectul avanseaz\u0103.<\/p>\n<p>&nbsp;<\/p>\n<p><strong>Urm\u0103ri\u021bi-ne pe re\u021belele noastre sociale!<\/strong><\/p>\n<p><strong>Instagram:<\/strong> <a href=\"https:\/\/www.instagram.com\/hedera.erasmus\/\" target=\"_blank\" rel=\"noopener\">https:\/\/www.instagram.com\/hedera.erasmus\/<\/a><\/p>\n<p><strong>LinkedIn:<\/strong> <a href=\"https:\/\/www.linkedin.com\/company\/hedera-erasmus\" target=\"_blank\" rel=\"noopener\">https:\/\/www.linkedin.com\/company\/hedera-erasmus<\/a><\/p>\n","protected":false},"excerpt":{"rendered":"<p>\u00cemp\u0103rt\u0103\u0219im primul raport de rezultate al proiectului Hedera, care ofer\u0103 o viziune ini\u021bial\u0103 asupra familiilor participante, etapelor proiectului, \u00eenceputului implement\u0103rii modelului \u0219i profilului \u0219i form\u0103rii profesioni\u0219tilor care fac posibil proiectul &#8230; <a title=\"Primul raport preliminar: rezultatele proiectului Hedera\" class=\"read-more\" href=\"https:\/\/hederaerasmus.com\/ro\/primul-raport-preliminar-rezultatele-proiectului-hedera\/\" aria-label=\"Cite\u0219te mai multe despre Primul raport preliminar: rezultatele proiectului Hedera\">+<\/a><\/p>\n","protected":false},"author":7,"featured_media":5523,"comment_status":"closed","ping_status":"closed","sticky":false,"template":"","format":"standard","meta":{"_acf_changed":false,"footnotes":""},"categories":[1],"tags":[],"class_list":["post-5602","post","type-post","status-publish","format-standard","has-post-thumbnail","hentry","category-sin-categorizar"],"acf":[],"yoast_head":"<!-- This site is optimized with the Yoast SEO plugin v27.4 - https:\/\/yoast.com\/product\/yoast-seo-wordpress\/ -->\n<title>Primul raport preliminar: rezultatele proiectului Hedera - Hedera<\/title>\n<meta name=\"description\" content=\"Primul raport de rezultate al proiectului Hedera, eviden\u021biind implementarea, formarea \u0219i profilul echipei de profesioni\u0219ti.\" \/>\n<meta name=\"robots\" content=\"index, follow, max-snippet:-1, max-image-preview:large, max-video-preview:-1\" \/>\n<link rel=\"canonical\" href=\"https:\/\/hederaerasmus.com\/ro\/primul-raport-preliminar-rezultatele-proiectului-hedera\/\" \/>\n<meta property=\"og:locale\" content=\"ro_RO\" \/>\n<meta property=\"og:type\" content=\"article\" \/>\n<meta property=\"og:title\" content=\"Primul raport preliminar: rezultatele proiectului Hedera - Hedera\" \/>\n<meta property=\"og:description\" content=\"Primul raport de rezultate al proiectului Hedera, eviden\u021biind implementarea, formarea \u0219i profilul echipei de profesioni\u0219ti.\" \/>\n<meta property=\"og:url\" content=\"https:\/\/hederaerasmus.com\/ro\/primul-raport-preliminar-rezultatele-proiectului-hedera\/\" \/>\n<meta property=\"og:site_name\" content=\"Hedera\" \/>\n<meta property=\"article:publisher\" content=\"https:\/\/www.facebook.com\/profile.php?id=61554260382997\" \/>\n<meta property=\"article:published_time\" content=\"2025-03-26T13:08:21+00:00\" \/>\n<meta property=\"article:modified_time\" content=\"2025-03-26T15:43:04+00:00\" \/>\n<meta property=\"og:image\" content=\"https:\/\/hederaerasmus.com\/wp-content\/uploads\/2025\/03\/WEB-ARTICLE-INFOGRAFIES.png\" \/>\n\t<meta property=\"og:image:width\" content=\"1200\" \/>\n\t<meta property=\"og:image:height\" content=\"630\" \/>\n\t<meta property=\"og:image:type\" content=\"image\/png\" \/>\n<meta name=\"author\" content=\"Silvia Casas\" \/>\n<meta name=\"twitter:card\" content=\"summary_large_image\" \/>\n<meta name=\"twitter:label1\" content=\"Scris de\" \/>\n\t<meta name=\"twitter:data1\" content=\"Silvia Casas\" \/>\n\t<meta name=\"twitter:label2\" content=\"Timp estimat pentru citire\" \/>\n\t<meta name=\"twitter:data2\" content=\"3 minute\" \/>\n<script type=\"application\/ld+json\" class=\"yoast-schema-graph\">{\"@context\":\"https:\\\/\\\/schema.org\",\"@graph\":[{\"@type\":\"Article\",\"@id\":\"https:\\\/\\\/hederaerasmus.com\\\/ro\\\/primul-raport-preliminar-rezultatele-proiectului-hedera\\\/#article\",\"isPartOf\":{\"@id\":\"https:\\\/\\\/hederaerasmus.com\\\/ro\\\/primul-raport-preliminar-rezultatele-proiectului-hedera\\\/\"},\"author\":{\"name\":\"Silvia Casas\",\"@id\":\"https:\\\/\\\/hederaerasmus.com\\\/ro\\\/#\\\/schema\\\/person\\\/2f063f848d158324466e8ba21a66e834\"},\"headline\":\"Primul raport preliminar: rezultatele proiectului Hedera\",\"datePublished\":\"2025-03-26T13:08:21+00:00\",\"dateModified\":\"2025-03-26T15:43:04+00:00\",\"mainEntityOfPage\":{\"@id\":\"https:\\\/\\\/hederaerasmus.com\\\/ro\\\/primul-raport-preliminar-rezultatele-proiectului-hedera\\\/\"},\"wordCount\":489,\"publisher\":{\"@id\":\"https:\\\/\\\/hederaerasmus.com\\\/ro\\\/#organization\"},\"image\":{\"@id\":\"https:\\\/\\\/hederaerasmus.com\\\/ro\\\/primul-raport-preliminar-rezultatele-proiectului-hedera\\\/#primaryimage\"},\"thumbnailUrl\":\"https:\\\/\\\/hederaerasmus.com\\\/wp-content\\\/uploads\\\/2025\\\/03\\\/WEB-ARTICLE-INFOGRAFIES.png\",\"articleSection\":[\"Sin categorizar\"],\"inLanguage\":\"ro-RO\"},{\"@type\":\"WebPage\",\"@id\":\"https:\\\/\\\/hederaerasmus.com\\\/ro\\\/primul-raport-preliminar-rezultatele-proiectului-hedera\\\/\",\"url\":\"https:\\\/\\\/hederaerasmus.com\\\/ro\\\/primul-raport-preliminar-rezultatele-proiectului-hedera\\\/\",\"name\":\"Primul raport preliminar: rezultatele proiectului Hedera - Hedera\",\"isPartOf\":{\"@id\":\"https:\\\/\\\/hederaerasmus.com\\\/ro\\\/#website\"},\"primaryImageOfPage\":{\"@id\":\"https:\\\/\\\/hederaerasmus.com\\\/ro\\\/primul-raport-preliminar-rezultatele-proiectului-hedera\\\/#primaryimage\"},\"image\":{\"@id\":\"https:\\\/\\\/hederaerasmus.com\\\/ro\\\/primul-raport-preliminar-rezultatele-proiectului-hedera\\\/#primaryimage\"},\"thumbnailUrl\":\"https:\\\/\\\/hederaerasmus.com\\\/wp-content\\\/uploads\\\/2025\\\/03\\\/WEB-ARTICLE-INFOGRAFIES.png\",\"datePublished\":\"2025-03-26T13:08:21+00:00\",\"dateModified\":\"2025-03-26T15:43:04+00:00\",\"description\":\"Primul raport de rezultate al proiectului Hedera, eviden\u021biind implementarea, formarea \u0219i profilul echipei de profesioni\u0219ti.\",\"breadcrumb\":{\"@id\":\"https:\\\/\\\/hederaerasmus.com\\\/ro\\\/primul-raport-preliminar-rezultatele-proiectului-hedera\\\/#breadcrumb\"},\"inLanguage\":\"ro-RO\",\"potentialAction\":[{\"@type\":\"ReadAction\",\"target\":[\"https:\\\/\\\/hederaerasmus.com\\\/ro\\\/primul-raport-preliminar-rezultatele-proiectului-hedera\\\/\"]}]},{\"@type\":\"ImageObject\",\"inLanguage\":\"ro-RO\",\"@id\":\"https:\\\/\\\/hederaerasmus.com\\\/ro\\\/primul-raport-preliminar-rezultatele-proiectului-hedera\\\/#primaryimage\",\"url\":\"https:\\\/\\\/hederaerasmus.com\\\/wp-content\\\/uploads\\\/2025\\\/03\\\/WEB-ARTICLE-INFOGRAFIES.png\",\"contentUrl\":\"https:\\\/\\\/hederaerasmus.com\\\/wp-content\\\/uploads\\\/2025\\\/03\\\/WEB-ARTICLE-INFOGRAFIES.png\",\"width\":1200,\"height\":630},{\"@type\":\"BreadcrumbList\",\"@id\":\"https:\\\/\\\/hederaerasmus.com\\\/ro\\\/primul-raport-preliminar-rezultatele-proiectului-hedera\\\/#breadcrumb\",\"itemListElement\":[{\"@type\":\"ListItem\",\"position\":1,\"name\":\"Portada\",\"item\":\"https:\\\/\\\/hederaerasmus.com\\\/ro\\\/\"},{\"@type\":\"ListItem\",\"position\":2,\"name\":\"Primul raport preliminar: rezultatele proiectului Hedera\"}]},{\"@type\":\"WebSite\",\"@id\":\"https:\\\/\\\/hederaerasmus.com\\\/ro\\\/#website\",\"url\":\"https:\\\/\\\/hederaerasmus.com\\\/ro\\\/\",\"name\":\"Hedera\",\"description\":\"\",\"publisher\":{\"@id\":\"https:\\\/\\\/hederaerasmus.com\\\/ro\\\/#organization\"},\"potentialAction\":[{\"@type\":\"SearchAction\",\"target\":{\"@type\":\"EntryPoint\",\"urlTemplate\":\"https:\\\/\\\/hederaerasmus.com\\\/ro\\\/?s={search_term_string}\"},\"query-input\":{\"@type\":\"PropertyValueSpecification\",\"valueRequired\":true,\"valueName\":\"search_term_string\"}}],\"inLanguage\":\"ro-RO\"},{\"@type\":\"Organization\",\"@id\":\"https:\\\/\\\/hederaerasmus.com\\\/ro\\\/#organization\",\"name\":\"Hedera\",\"url\":\"https:\\\/\\\/hederaerasmus.com\\\/ro\\\/\",\"logo\":{\"@type\":\"ImageObject\",\"inLanguage\":\"ro-RO\",\"@id\":\"https:\\\/\\\/hederaerasmus.com\\\/ro\\\/#\\\/schema\\\/logo\\\/image\\\/\",\"url\":\"https:\\\/\\\/hederaerasmus.com\\\/wp-content\\\/uploads\\\/2023\\\/06\\\/Logo.png\",\"contentUrl\":\"https:\\\/\\\/hederaerasmus.com\\\/wp-content\\\/uploads\\\/2023\\\/06\\\/Logo.png\",\"width\":2649,\"height\":2137,\"caption\":\"Hedera\"},\"image\":{\"@id\":\"https:\\\/\\\/hederaerasmus.com\\\/ro\\\/#\\\/schema\\\/logo\\\/image\\\/\"},\"sameAs\":[\"https:\\\/\\\/www.facebook.com\\\/profile.php?id=61554260382997\",\"https:\\\/\\\/www.instagram.com\\\/hedera.erasmus\"]},{\"@type\":\"Person\",\"@id\":\"https:\\\/\\\/hederaerasmus.com\\\/ro\\\/#\\\/schema\\\/person\\\/2f063f848d158324466e8ba21a66e834\",\"name\":\"Silvia Casas\",\"image\":{\"@type\":\"ImageObject\",\"inLanguage\":\"ro-RO\",\"@id\":\"https:\\\/\\\/secure.gravatar.com\\\/avatar\\\/8e8e70922b3eb0f7b3a82f554836f41cd913c4d7d6d3d803b163e0b17980eefb?s=96&d=mm&r=g\",\"url\":\"https:\\\/\\\/secure.gravatar.com\\\/avatar\\\/8e8e70922b3eb0f7b3a82f554836f41cd913c4d7d6d3d803b163e0b17980eefb?s=96&d=mm&r=g\",\"contentUrl\":\"https:\\\/\\\/secure.gravatar.com\\\/avatar\\\/8e8e70922b3eb0f7b3a82f554836f41cd913c4d7d6d3d803b163e0b17980eefb?s=96&d=mm&r=g\",\"caption\":\"Silvia Casas\"},\"url\":\"https:\\\/\\\/hederaerasmus.com\\\/ro\\\/author\\\/silvia-casas\\\/\"}]}<\/script>\n<!-- \/ Yoast SEO plugin. -->","yoast_head_json":{"title":"Primul raport preliminar: rezultatele proiectului Hedera - Hedera","description":"Primul raport de rezultate al proiectului Hedera, eviden\u021biind implementarea, formarea \u0219i profilul echipei de profesioni\u0219ti.","robots":{"index":"index","follow":"follow","max-snippet":"max-snippet:-1","max-image-preview":"max-image-preview:large","max-video-preview":"max-video-preview:-1"},"canonical":"https:\/\/hederaerasmus.com\/ro\/primul-raport-preliminar-rezultatele-proiectului-hedera\/","og_locale":"ro_RO","og_type":"article","og_title":"Primul raport preliminar: rezultatele proiectului Hedera - Hedera","og_description":"Primul raport de rezultate al proiectului Hedera, eviden\u021biind implementarea, formarea \u0219i profilul echipei de profesioni\u0219ti.","og_url":"https:\/\/hederaerasmus.com\/ro\/primul-raport-preliminar-rezultatele-proiectului-hedera\/","og_site_name":"Hedera","article_publisher":"https:\/\/www.facebook.com\/profile.php?id=61554260382997","article_published_time":"2025-03-26T13:08:21+00:00","article_modified_time":"2025-03-26T15:43:04+00:00","og_image":[{"width":1200,"height":630,"url":"https:\/\/hederaerasmus.com\/wp-content\/uploads\/2025\/03\/WEB-ARTICLE-INFOGRAFIES.png","type":"image\/png"}],"author":"Silvia Casas","twitter_card":"summary_large_image","twitter_misc":{"Scris de":"Silvia Casas","Timp estimat pentru citire":"3 minute"},"schema":{"@context":"https:\/\/schema.org","@graph":[{"@type":"Article","@id":"https:\/\/hederaerasmus.com\/ro\/primul-raport-preliminar-rezultatele-proiectului-hedera\/#article","isPartOf":{"@id":"https:\/\/hederaerasmus.com\/ro\/primul-raport-preliminar-rezultatele-proiectului-hedera\/"},"author":{"name":"Silvia Casas","@id":"https:\/\/hederaerasmus.com\/ro\/#\/schema\/person\/2f063f848d158324466e8ba21a66e834"},"headline":"Primul raport preliminar: rezultatele proiectului Hedera","datePublished":"2025-03-26T13:08:21+00:00","dateModified":"2025-03-26T15:43:04+00:00","mainEntityOfPage":{"@id":"https:\/\/hederaerasmus.com\/ro\/primul-raport-preliminar-rezultatele-proiectului-hedera\/"},"wordCount":489,"publisher":{"@id":"https:\/\/hederaerasmus.com\/ro\/#organization"},"image":{"@id":"https:\/\/hederaerasmus.com\/ro\/primul-raport-preliminar-rezultatele-proiectului-hedera\/#primaryimage"},"thumbnailUrl":"https:\/\/hederaerasmus.com\/wp-content\/uploads\/2025\/03\/WEB-ARTICLE-INFOGRAFIES.png","articleSection":["Sin categorizar"],"inLanguage":"ro-RO"},{"@type":"WebPage","@id":"https:\/\/hederaerasmus.com\/ro\/primul-raport-preliminar-rezultatele-proiectului-hedera\/","url":"https:\/\/hederaerasmus.com\/ro\/primul-raport-preliminar-rezultatele-proiectului-hedera\/","name":"Primul raport preliminar: rezultatele proiectului Hedera - Hedera","isPartOf":{"@id":"https:\/\/hederaerasmus.com\/ro\/#website"},"primaryImageOfPage":{"@id":"https:\/\/hederaerasmus.com\/ro\/primul-raport-preliminar-rezultatele-proiectului-hedera\/#primaryimage"},"image":{"@id":"https:\/\/hederaerasmus.com\/ro\/primul-raport-preliminar-rezultatele-proiectului-hedera\/#primaryimage"},"thumbnailUrl":"https:\/\/hederaerasmus.com\/wp-content\/uploads\/2025\/03\/WEB-ARTICLE-INFOGRAFIES.png","datePublished":"2025-03-26T13:08:21+00:00","dateModified":"2025-03-26T15:43:04+00:00","description":"Primul raport de rezultate al proiectului Hedera, eviden\u021biind implementarea, formarea \u0219i profilul echipei de profesioni\u0219ti.","breadcrumb":{"@id":"https:\/\/hederaerasmus.com\/ro\/primul-raport-preliminar-rezultatele-proiectului-hedera\/#breadcrumb"},"inLanguage":"ro-RO","potentialAction":[{"@type":"ReadAction","target":["https:\/\/hederaerasmus.com\/ro\/primul-raport-preliminar-rezultatele-proiectului-hedera\/"]}]},{"@type":"ImageObject","inLanguage":"ro-RO","@id":"https:\/\/hederaerasmus.com\/ro\/primul-raport-preliminar-rezultatele-proiectului-hedera\/#primaryimage","url":"https:\/\/hederaerasmus.com\/wp-content\/uploads\/2025\/03\/WEB-ARTICLE-INFOGRAFIES.png","contentUrl":"https:\/\/hederaerasmus.com\/wp-content\/uploads\/2025\/03\/WEB-ARTICLE-INFOGRAFIES.png","width":1200,"height":630},{"@type":"BreadcrumbList","@id":"https:\/\/hederaerasmus.com\/ro\/primul-raport-preliminar-rezultatele-proiectului-hedera\/#breadcrumb","itemListElement":[{"@type":"ListItem","position":1,"name":"Portada","item":"https:\/\/hederaerasmus.com\/ro\/"},{"@type":"ListItem","position":2,"name":"Primul raport preliminar: rezultatele proiectului Hedera"}]},{"@type":"WebSite","@id":"https:\/\/hederaerasmus.com\/ro\/#website","url":"https:\/\/hederaerasmus.com\/ro\/","name":"Hedera","description":"","publisher":{"@id":"https:\/\/hederaerasmus.com\/ro\/#organization"},"potentialAction":[{"@type":"SearchAction","target":{"@type":"EntryPoint","urlTemplate":"https:\/\/hederaerasmus.com\/ro\/?s={search_term_string}"},"query-input":{"@type":"PropertyValueSpecification","valueRequired":true,"valueName":"search_term_string"}}],"inLanguage":"ro-RO"},{"@type":"Organization","@id":"https:\/\/hederaerasmus.com\/ro\/#organization","name":"Hedera","url":"https:\/\/hederaerasmus.com\/ro\/","logo":{"@type":"ImageObject","inLanguage":"ro-RO","@id":"https:\/\/hederaerasmus.com\/ro\/#\/schema\/logo\/image\/","url":"https:\/\/hederaerasmus.com\/wp-content\/uploads\/2023\/06\/Logo.png","contentUrl":"https:\/\/hederaerasmus.com\/wp-content\/uploads\/2023\/06\/Logo.png","width":2649,"height":2137,"caption":"Hedera"},"image":{"@id":"https:\/\/hederaerasmus.com\/ro\/#\/schema\/logo\/image\/"},"sameAs":["https:\/\/www.facebook.com\/profile.php?id=61554260382997","https:\/\/www.instagram.com\/hedera.erasmus"]},{"@type":"Person","@id":"https:\/\/hederaerasmus.com\/ro\/#\/schema\/person\/2f063f848d158324466e8ba21a66e834","name":"Silvia Casas","image":{"@type":"ImageObject","inLanguage":"ro-RO","@id":"https:\/\/secure.gravatar.com\/avatar\/8e8e70922b3eb0f7b3a82f554836f41cd913c4d7d6d3d803b163e0b17980eefb?s=96&d=mm&r=g","url":"https:\/\/secure.gravatar.com\/avatar\/8e8e70922b3eb0f7b3a82f554836f41cd913c4d7d6d3d803b163e0b17980eefb?s=96&d=mm&r=g","contentUrl":"https:\/\/secure.gravatar.com\/avatar\/8e8e70922b3eb0f7b3a82f554836f41cd913c4d7d6d3d803b163e0b17980eefb?s=96&d=mm&r=g","caption":"Silvia Casas"},"url":"https:\/\/hederaerasmus.com\/ro\/author\/silvia-casas\/"}]}},"_links":{"self":[{"href":"https:\/\/hederaerasmus.com\/ro\/wp-json\/wp\/v2\/posts\/5602","targetHints":{"allow":["GET"]}}],"collection":[{"href":"https:\/\/hederaerasmus.com\/ro\/wp-json\/wp\/v2\/posts"}],"about":[{"href":"https:\/\/hederaerasmus.com\/ro\/wp-json\/wp\/v2\/types\/post"}],"author":[{"embeddable":true,"href":"https:\/\/hederaerasmus.com\/ro\/wp-json\/wp\/v2\/users\/7"}],"replies":[{"embeddable":true,"href":"https:\/\/hederaerasmus.com\/ro\/wp-json\/wp\/v2\/comments?post=5602"}],"version-history":[{"count":1,"href":"https:\/\/hederaerasmus.com\/ro\/wp-json\/wp\/v2\/posts\/5602\/revisions"}],"predecessor-version":[{"id":5624,"href":"https:\/\/hederaerasmus.com\/ro\/wp-json\/wp\/v2\/posts\/5602\/revisions\/5624"}],"wp:featuredmedia":[{"embeddable":true,"href":"https:\/\/hederaerasmus.com\/ro\/wp-json\/wp\/v2\/media\/5523"}],"wp:attachment":[{"href":"https:\/\/hederaerasmus.com\/ro\/wp-json\/wp\/v2\/media?parent=5602"}],"wp:term":[{"taxonomy":"category","embeddable":true,"href":"https:\/\/hederaerasmus.com\/ro\/wp-json\/wp\/v2\/categories?post=5602"},{"taxonomy":"post_tag","embeddable":true,"href":"https:\/\/hederaerasmus.com\/ro\/wp-json\/wp\/v2\/tags?post=5602"}],"curies":[{"name":"wp","href":"https:\/\/api.w.org\/{rel}","templated":true}]}}