{"id":5284,"date":"2025-03-25T13:01:02","date_gmt":"2025-03-25T12:01:02","guid":{"rendered":"https:\/\/hederaerasmus.com\/?p=5284"},"modified":"2025-03-31T11:12:40","modified_gmt":"2025-03-31T10:12:40","slug":"progetto-hedera-secondo-incontro-in-presenza","status":"publish","type":"post","link":"https:\/\/hederaerasmus.com\/it\/progetto-hedera-secondo-incontro-in-presenza\/","title":{"rendered":"Progetto Hedera \u2013 Secondo incontro in presenza"},"content":{"rendered":"<p class=\"\" data-start=\"6701\" data-end=\"7022\">Dal 29 al 31 maggio, il team del progetto Hedera si \u00e8 recato in Romania per partecipare al secondo incontro transnazionale. La riunione si \u00e8 svolta presso la sede di HoltIS, l\u2019organizzazione partner rumena, diventando un momento chiave per proseguire lo sviluppo di un modello innovativo di terapia familiare a domicilio.<\/p>\n<h2 data-start=\"7024\" data-end=\"7082\">Un&#8217;iniziativa Erasmus+ con impatto sull&#8217;azione sociale<\/h2>\n<p class=\"\" data-start=\"7084\" data-end=\"7434\">Hedera \u00e8 un progetto europeo Erasmus+ che coinvolge cinque enti di diversi Paesi con un obiettivo comune: creare una proposta innovativa per i professionisti dell\u2019azione sociale che operano in contesti familiari. Il modello mira a fornire strumenti pratici, teorici e metodologici per realizzare interventi familiari pi\u00f9 efficaci direttamente a casa.<\/p>\n<h2 data-start=\"7436\" data-end=\"7492\">Cooperazione internazionale per un cambiamento reale<\/h2>\n<p class=\"\" data-start=\"7494\" data-end=\"7773\">Durante i tre giorni in Romania, i partner hanno lavorato fianco a fianco, condividendo esperienze, conoscenze e sfide comuni. Lo scambio di prospettive ha permesso di avanzare congiuntamente verso un approccio pi\u00f9 integrato e contestualizzato alla terapia familiare domiciliare.<\/p>\n<p class=\"\" data-start=\"7775\" data-end=\"8013\">Questo secondo incontro transnazionale ha rafforzato la cooperazione internazionale tra i professionisti e consolidato le basi del modello Hedera, che continua a evolversi grazie al lavoro in rete e alla variet\u00e0 di approcci professionali.<\/p>\n<h2 data-start=\"8015\" data-end=\"8070\">Perch\u00e9 un modello di terapia familiare a domicilio?<\/h2>\n<p class=\"\" data-start=\"8072\" data-end=\"8449\">Il contesto domestico offre un\u2019opportunit\u00e0 unica per comprendere le dinamiche relazionali, intervenire in modo pi\u00f9 aderente alla realt\u00e0 delle famiglie e favorire cambiamenti sostenibili. Il progetto Hedera risponde all\u2019esigenza di professionalizzare questo tipo di intervento, dotando i professionisti di nuove competenze, strategie e cornici teoriche adatte a questo ambiente.<\/p>\n<h2 data-start=\"8451\" data-end=\"8489\">Prossimi passi del progetto Hedera<\/h2>\n<p class=\"\" data-start=\"8491\" data-end=\"8718\">Il cammino continua. Dopo questo secondo incontro, il team di Hedera continua a lavorare allo sviluppo di risorse formative, materiali pratici e un quadro comune che consenta di trasferire il modello a diversi contesti europei.<\/p>\n<p class=\"\" data-start=\"8720\" data-end=\"8847\">Continueremo a condividere i progressi di questo progetto che promuove un intervento sociale pi\u00f9 umano, vicino e trasformativo!<\/p>\n<p data-start=\"8720\" data-end=\"8847\"><strong><a href=\"https:\/\/www.instagram.com\/reel\/C8UIB2pNehy\/?utm_source=ig_web_copy_link&amp;igsh=MzRlODBiNWFlZA==\" target=\"_blank\" rel=\"noopener\">Video qui<\/a><\/strong><\/p>\n","protected":false},"excerpt":{"rendered":"<p>Dal 29 al 31 maggio, il team del progetto Hedera si \u00e8 recato in Romania per partecipare al secondo incontro transnazionale. La riunione si \u00e8 svolta presso la sede di &#8230; <a title=\"Progetto Hedera \u2013 Secondo incontro in presenza\" class=\"read-more\" href=\"https:\/\/hederaerasmus.com\/it\/progetto-hedera-secondo-incontro-in-presenza\/\" aria-label=\"Per saperne di pi\u00f9 su Progetto Hedera \u2013 Secondo incontro in presenza\">+<\/a><\/p>\n","protected":false},"author":7,"featured_media":5266,"comment_status":"closed","ping_status":"closed","sticky":false,"template":"","format":"standard","meta":{"_acf_changed":false,"footnotes":""},"categories":[23],"tags":[],"class_list":["post-5284","post","type-post","status-publish","format-standard","has-post-thumbnail","hentry","category-non-categorizzato"],"acf":[],"yoast_head":"<!-- This site is optimized with the Yoast SEO plugin v27.4 - https:\/\/yoast.com\/product\/yoast-seo-wordpress\/ -->\n<title>Progetto Hedera \u2013 Secondo incontro in presenza - Hedera<\/title>\n<meta name=\"description\" content=\"Il team del progetto Hedera ha viaggiato a HoltIS, in Romania, e ha lavorato per continuare ad avanzare nello sviluppo di Hedera.\" \/>\n<meta name=\"robots\" content=\"index, follow, max-snippet:-1, max-image-preview:large, max-video-preview:-1\" \/>\n<link rel=\"canonical\" href=\"https:\/\/hederaerasmus.com\/it\/progetto-hedera-secondo-incontro-in-presenza\/\" \/>\n<meta property=\"og:locale\" content=\"it_IT\" \/>\n<meta property=\"og:type\" content=\"article\" \/>\n<meta property=\"og:title\" content=\"Progetto Hedera \u2013 Secondo incontro in presenza - Hedera\" \/>\n<meta property=\"og:description\" content=\"Il team del progetto Hedera ha viaggiato a HoltIS, in Romania, e ha lavorato per continuare ad avanzare nello sviluppo di Hedera.\" \/>\n<meta property=\"og:url\" content=\"https:\/\/hederaerasmus.com\/it\/progetto-hedera-secondo-incontro-in-presenza\/\" \/>\n<meta property=\"og:site_name\" content=\"Hedera\" \/>\n<meta property=\"article:publisher\" content=\"https:\/\/www.facebook.com\/profile.php?id=61554260382997\" \/>\n<meta property=\"article:published_time\" content=\"2025-03-25T12:01:02+00:00\" \/>\n<meta property=\"article:modified_time\" content=\"2025-03-31T10:12:40+00:00\" \/>\n<meta property=\"og:image\" content=\"https:\/\/hederaerasmus.com\/wp-content\/uploads\/2025\/03\/PHOTO-2024-06-03-12-10-24-e1742907435420.jpg\" \/>\n\t<meta property=\"og:image:width\" content=\"2048\" \/>\n\t<meta property=\"og:image:height\" content=\"1536\" \/>\n\t<meta property=\"og:image:type\" content=\"image\/jpeg\" \/>\n<meta name=\"author\" content=\"Silvia Casas\" \/>\n<meta name=\"twitter:card\" content=\"summary_large_image\" \/>\n<meta name=\"twitter:label1\" content=\"Scritto da\" \/>\n\t<meta name=\"twitter:data1\" content=\"Silvia Casas\" \/>\n\t<meta name=\"twitter:label2\" content=\"Tempo di lettura stimato\" \/>\n\t<meta name=\"twitter:data2\" content=\"2 minuti\" \/>\n<script type=\"application\/ld+json\" class=\"yoast-schema-graph\">{\"@context\":\"https:\\\/\\\/schema.org\",\"@graph\":[{\"@type\":\"Article\",\"@id\":\"https:\\\/\\\/hederaerasmus.com\\\/it\\\/progetto-hedera-secondo-incontro-in-presenza\\\/#article\",\"isPartOf\":{\"@id\":\"https:\\\/\\\/hederaerasmus.com\\\/it\\\/progetto-hedera-secondo-incontro-in-presenza\\\/\"},\"author\":{\"name\":\"Silvia Casas\",\"@id\":\"https:\\\/\\\/hederaerasmus.com\\\/it\\\/#\\\/schema\\\/person\\\/2f063f848d158324466e8ba21a66e834\"},\"headline\":\"Progetto Hedera \u2013 Secondo incontro in presenza\",\"datePublished\":\"2025-03-25T12:01:02+00:00\",\"dateModified\":\"2025-03-31T10:12:40+00:00\",\"mainEntityOfPage\":{\"@id\":\"https:\\\/\\\/hederaerasmus.com\\\/it\\\/progetto-hedera-secondo-incontro-in-presenza\\\/\"},\"wordCount\":310,\"publisher\":{\"@id\":\"https:\\\/\\\/hederaerasmus.com\\\/it\\\/#organization\"},\"image\":{\"@id\":\"https:\\\/\\\/hederaerasmus.com\\\/it\\\/progetto-hedera-secondo-incontro-in-presenza\\\/#primaryimage\"},\"thumbnailUrl\":\"https:\\\/\\\/hederaerasmus.com\\\/wp-content\\\/uploads\\\/2025\\\/03\\\/PHOTO-2024-06-03-12-10-24-e1742907435420.jpg\",\"articleSection\":[\"Non categorizzato\"],\"inLanguage\":\"it-IT\"},{\"@type\":\"WebPage\",\"@id\":\"https:\\\/\\\/hederaerasmus.com\\\/it\\\/progetto-hedera-secondo-incontro-in-presenza\\\/\",\"url\":\"https:\\\/\\\/hederaerasmus.com\\\/it\\\/progetto-hedera-secondo-incontro-in-presenza\\\/\",\"name\":\"Progetto Hedera \u2013 Secondo incontro in presenza - Hedera\",\"isPartOf\":{\"@id\":\"https:\\\/\\\/hederaerasmus.com\\\/it\\\/#website\"},\"primaryImageOfPage\":{\"@id\":\"https:\\\/\\\/hederaerasmus.com\\\/it\\\/progetto-hedera-secondo-incontro-in-presenza\\\/#primaryimage\"},\"image\":{\"@id\":\"https:\\\/\\\/hederaerasmus.com\\\/it\\\/progetto-hedera-secondo-incontro-in-presenza\\\/#primaryimage\"},\"thumbnailUrl\":\"https:\\\/\\\/hederaerasmus.com\\\/wp-content\\\/uploads\\\/2025\\\/03\\\/PHOTO-2024-06-03-12-10-24-e1742907435420.jpg\",\"datePublished\":\"2025-03-25T12:01:02+00:00\",\"dateModified\":\"2025-03-31T10:12:40+00:00\",\"description\":\"Il team del progetto Hedera ha viaggiato a HoltIS, in Romania, e ha lavorato per continuare ad avanzare nello sviluppo di Hedera.\",\"breadcrumb\":{\"@id\":\"https:\\\/\\\/hederaerasmus.com\\\/it\\\/progetto-hedera-secondo-incontro-in-presenza\\\/#breadcrumb\"},\"inLanguage\":\"it-IT\",\"potentialAction\":[{\"@type\":\"ReadAction\",\"target\":[\"https:\\\/\\\/hederaerasmus.com\\\/it\\\/progetto-hedera-secondo-incontro-in-presenza\\\/\"]}]},{\"@type\":\"ImageObject\",\"inLanguage\":\"it-IT\",\"@id\":\"https:\\\/\\\/hederaerasmus.com\\\/it\\\/progetto-hedera-secondo-incontro-in-presenza\\\/#primaryimage\",\"url\":\"https:\\\/\\\/hederaerasmus.com\\\/wp-content\\\/uploads\\\/2025\\\/03\\\/PHOTO-2024-06-03-12-10-24-e1742907435420.jpg\",\"contentUrl\":\"https:\\\/\\\/hederaerasmus.com\\\/wp-content\\\/uploads\\\/2025\\\/03\\\/PHOTO-2024-06-03-12-10-24-e1742907435420.jpg\",\"width\":2048,\"height\":1536,\"caption\":\"proyecto-hedera-ruman\u00eda\"},{\"@type\":\"BreadcrumbList\",\"@id\":\"https:\\\/\\\/hederaerasmus.com\\\/it\\\/progetto-hedera-secondo-incontro-in-presenza\\\/#breadcrumb\",\"itemListElement\":[{\"@type\":\"ListItem\",\"position\":1,\"name\":\"Portada\",\"item\":\"https:\\\/\\\/hederaerasmus.com\\\/it\\\/\"},{\"@type\":\"ListItem\",\"position\":2,\"name\":\"Progetto Hedera \u2013 Secondo incontro in presenza\"}]},{\"@type\":\"WebSite\",\"@id\":\"https:\\\/\\\/hederaerasmus.com\\\/it\\\/#website\",\"url\":\"https:\\\/\\\/hederaerasmus.com\\\/it\\\/\",\"name\":\"Hedera\",\"description\":\"\",\"publisher\":{\"@id\":\"https:\\\/\\\/hederaerasmus.com\\\/it\\\/#organization\"},\"potentialAction\":[{\"@type\":\"SearchAction\",\"target\":{\"@type\":\"EntryPoint\",\"urlTemplate\":\"https:\\\/\\\/hederaerasmus.com\\\/it\\\/?s={search_term_string}\"},\"query-input\":{\"@type\":\"PropertyValueSpecification\",\"valueRequired\":true,\"valueName\":\"search_term_string\"}}],\"inLanguage\":\"it-IT\"},{\"@type\":\"Organization\",\"@id\":\"https:\\\/\\\/hederaerasmus.com\\\/it\\\/#organization\",\"name\":\"Hedera\",\"url\":\"https:\\\/\\\/hederaerasmus.com\\\/it\\\/\",\"logo\":{\"@type\":\"ImageObject\",\"inLanguage\":\"it-IT\",\"@id\":\"https:\\\/\\\/hederaerasmus.com\\\/it\\\/#\\\/schema\\\/logo\\\/image\\\/\",\"url\":\"https:\\\/\\\/hederaerasmus.com\\\/wp-content\\\/uploads\\\/2023\\\/06\\\/Logo.png\",\"contentUrl\":\"https:\\\/\\\/hederaerasmus.com\\\/wp-content\\\/uploads\\\/2023\\\/06\\\/Logo.png\",\"width\":2649,\"height\":2137,\"caption\":\"Hedera\"},\"image\":{\"@id\":\"https:\\\/\\\/hederaerasmus.com\\\/it\\\/#\\\/schema\\\/logo\\\/image\\\/\"},\"sameAs\":[\"https:\\\/\\\/www.facebook.com\\\/profile.php?id=61554260382997\",\"https:\\\/\\\/www.instagram.com\\\/hedera.erasmus\"]},{\"@type\":\"Person\",\"@id\":\"https:\\\/\\\/hederaerasmus.com\\\/it\\\/#\\\/schema\\\/person\\\/2f063f848d158324466e8ba21a66e834\",\"name\":\"Silvia Casas\",\"image\":{\"@type\":\"ImageObject\",\"inLanguage\":\"it-IT\",\"@id\":\"https:\\\/\\\/secure.gravatar.com\\\/avatar\\\/8e8e70922b3eb0f7b3a82f554836f41cd913c4d7d6d3d803b163e0b17980eefb?s=96&d=mm&r=g\",\"url\":\"https:\\\/\\\/secure.gravatar.com\\\/avatar\\\/8e8e70922b3eb0f7b3a82f554836f41cd913c4d7d6d3d803b163e0b17980eefb?s=96&d=mm&r=g\",\"contentUrl\":\"https:\\\/\\\/secure.gravatar.com\\\/avatar\\\/8e8e70922b3eb0f7b3a82f554836f41cd913c4d7d6d3d803b163e0b17980eefb?s=96&d=mm&r=g\",\"caption\":\"Silvia Casas\"},\"url\":\"https:\\\/\\\/hederaerasmus.com\\\/it\\\/author\\\/silvia-casas\\\/\"}]}<\/script>\n<!-- \/ Yoast SEO plugin. -->","yoast_head_json":{"title":"Progetto Hedera \u2013 Secondo incontro in presenza - Hedera","description":"Il team del progetto Hedera ha viaggiato a HoltIS, in Romania, e ha lavorato per continuare ad avanzare nello sviluppo di Hedera.","robots":{"index":"index","follow":"follow","max-snippet":"max-snippet:-1","max-image-preview":"max-image-preview:large","max-video-preview":"max-video-preview:-1"},"canonical":"https:\/\/hederaerasmus.com\/it\/progetto-hedera-secondo-incontro-in-presenza\/","og_locale":"it_IT","og_type":"article","og_title":"Progetto Hedera \u2013 Secondo incontro in presenza - Hedera","og_description":"Il team del progetto Hedera ha viaggiato a HoltIS, in Romania, e ha lavorato per continuare ad avanzare nello sviluppo di Hedera.","og_url":"https:\/\/hederaerasmus.com\/it\/progetto-hedera-secondo-incontro-in-presenza\/","og_site_name":"Hedera","article_publisher":"https:\/\/www.facebook.com\/profile.php?id=61554260382997","article_published_time":"2025-03-25T12:01:02+00:00","article_modified_time":"2025-03-31T10:12:40+00:00","og_image":[{"width":2048,"height":1536,"url":"https:\/\/hederaerasmus.com\/wp-content\/uploads\/2025\/03\/PHOTO-2024-06-03-12-10-24-e1742907435420.jpg","type":"image\/jpeg"}],"author":"Silvia Casas","twitter_card":"summary_large_image","twitter_misc":{"Scritto da":"Silvia Casas","Tempo di lettura stimato":"2 minuti"},"schema":{"@context":"https:\/\/schema.org","@graph":[{"@type":"Article","@id":"https:\/\/hederaerasmus.com\/it\/progetto-hedera-secondo-incontro-in-presenza\/#article","isPartOf":{"@id":"https:\/\/hederaerasmus.com\/it\/progetto-hedera-secondo-incontro-in-presenza\/"},"author":{"name":"Silvia Casas","@id":"https:\/\/hederaerasmus.com\/it\/#\/schema\/person\/2f063f848d158324466e8ba21a66e834"},"headline":"Progetto Hedera \u2013 Secondo incontro in presenza","datePublished":"2025-03-25T12:01:02+00:00","dateModified":"2025-03-31T10:12:40+00:00","mainEntityOfPage":{"@id":"https:\/\/hederaerasmus.com\/it\/progetto-hedera-secondo-incontro-in-presenza\/"},"wordCount":310,"publisher":{"@id":"https:\/\/hederaerasmus.com\/it\/#organization"},"image":{"@id":"https:\/\/hederaerasmus.com\/it\/progetto-hedera-secondo-incontro-in-presenza\/#primaryimage"},"thumbnailUrl":"https:\/\/hederaerasmus.com\/wp-content\/uploads\/2025\/03\/PHOTO-2024-06-03-12-10-24-e1742907435420.jpg","articleSection":["Non categorizzato"],"inLanguage":"it-IT"},{"@type":"WebPage","@id":"https:\/\/hederaerasmus.com\/it\/progetto-hedera-secondo-incontro-in-presenza\/","url":"https:\/\/hederaerasmus.com\/it\/progetto-hedera-secondo-incontro-in-presenza\/","name":"Progetto Hedera \u2013 Secondo incontro in presenza - Hedera","isPartOf":{"@id":"https:\/\/hederaerasmus.com\/it\/#website"},"primaryImageOfPage":{"@id":"https:\/\/hederaerasmus.com\/it\/progetto-hedera-secondo-incontro-in-presenza\/#primaryimage"},"image":{"@id":"https:\/\/hederaerasmus.com\/it\/progetto-hedera-secondo-incontro-in-presenza\/#primaryimage"},"thumbnailUrl":"https:\/\/hederaerasmus.com\/wp-content\/uploads\/2025\/03\/PHOTO-2024-06-03-12-10-24-e1742907435420.jpg","datePublished":"2025-03-25T12:01:02+00:00","dateModified":"2025-03-31T10:12:40+00:00","description":"Il team del progetto Hedera ha viaggiato a HoltIS, in Romania, e ha lavorato per continuare ad avanzare nello sviluppo di Hedera.","breadcrumb":{"@id":"https:\/\/hederaerasmus.com\/it\/progetto-hedera-secondo-incontro-in-presenza\/#breadcrumb"},"inLanguage":"it-IT","potentialAction":[{"@type":"ReadAction","target":["https:\/\/hederaerasmus.com\/it\/progetto-hedera-secondo-incontro-in-presenza\/"]}]},{"@type":"ImageObject","inLanguage":"it-IT","@id":"https:\/\/hederaerasmus.com\/it\/progetto-hedera-secondo-incontro-in-presenza\/#primaryimage","url":"https:\/\/hederaerasmus.com\/wp-content\/uploads\/2025\/03\/PHOTO-2024-06-03-12-10-24-e1742907435420.jpg","contentUrl":"https:\/\/hederaerasmus.com\/wp-content\/uploads\/2025\/03\/PHOTO-2024-06-03-12-10-24-e1742907435420.jpg","width":2048,"height":1536,"caption":"proyecto-hedera-ruman\u00eda"},{"@type":"BreadcrumbList","@id":"https:\/\/hederaerasmus.com\/it\/progetto-hedera-secondo-incontro-in-presenza\/#breadcrumb","itemListElement":[{"@type":"ListItem","position":1,"name":"Portada","item":"https:\/\/hederaerasmus.com\/it\/"},{"@type":"ListItem","position":2,"name":"Progetto Hedera \u2013 Secondo incontro in presenza"}]},{"@type":"WebSite","@id":"https:\/\/hederaerasmus.com\/it\/#website","url":"https:\/\/hederaerasmus.com\/it\/","name":"Hedera","description":"","publisher":{"@id":"https:\/\/hederaerasmus.com\/it\/#organization"},"potentialAction":[{"@type":"SearchAction","target":{"@type":"EntryPoint","urlTemplate":"https:\/\/hederaerasmus.com\/it\/?s={search_term_string}"},"query-input":{"@type":"PropertyValueSpecification","valueRequired":true,"valueName":"search_term_string"}}],"inLanguage":"it-IT"},{"@type":"Organization","@id":"https:\/\/hederaerasmus.com\/it\/#organization","name":"Hedera","url":"https:\/\/hederaerasmus.com\/it\/","logo":{"@type":"ImageObject","inLanguage":"it-IT","@id":"https:\/\/hederaerasmus.com\/it\/#\/schema\/logo\/image\/","url":"https:\/\/hederaerasmus.com\/wp-content\/uploads\/2023\/06\/Logo.png","contentUrl":"https:\/\/hederaerasmus.com\/wp-content\/uploads\/2023\/06\/Logo.png","width":2649,"height":2137,"caption":"Hedera"},"image":{"@id":"https:\/\/hederaerasmus.com\/it\/#\/schema\/logo\/image\/"},"sameAs":["https:\/\/www.facebook.com\/profile.php?id=61554260382997","https:\/\/www.instagram.com\/hedera.erasmus"]},{"@type":"Person","@id":"https:\/\/hederaerasmus.com\/it\/#\/schema\/person\/2f063f848d158324466e8ba21a66e834","name":"Silvia Casas","image":{"@type":"ImageObject","inLanguage":"it-IT","@id":"https:\/\/secure.gravatar.com\/avatar\/8e8e70922b3eb0f7b3a82f554836f41cd913c4d7d6d3d803b163e0b17980eefb?s=96&d=mm&r=g","url":"https:\/\/secure.gravatar.com\/avatar\/8e8e70922b3eb0f7b3a82f554836f41cd913c4d7d6d3d803b163e0b17980eefb?s=96&d=mm&r=g","contentUrl":"https:\/\/secure.gravatar.com\/avatar\/8e8e70922b3eb0f7b3a82f554836f41cd913c4d7d6d3d803b163e0b17980eefb?s=96&d=mm&r=g","caption":"Silvia Casas"},"url":"https:\/\/hederaerasmus.com\/it\/author\/silvia-casas\/"}]}},"_links":{"self":[{"href":"https:\/\/hederaerasmus.com\/it\/wp-json\/wp\/v2\/posts\/5284","targetHints":{"allow":["GET"]}}],"collection":[{"href":"https:\/\/hederaerasmus.com\/it\/wp-json\/wp\/v2\/posts"}],"about":[{"href":"https:\/\/hederaerasmus.com\/it\/wp-json\/wp\/v2\/types\/post"}],"author":[{"embeddable":true,"href":"https:\/\/hederaerasmus.com\/it\/wp-json\/wp\/v2\/users\/7"}],"replies":[{"embeddable":true,"href":"https:\/\/hederaerasmus.com\/it\/wp-json\/wp\/v2\/comments?post=5284"}],"version-history":[{"count":2,"href":"https:\/\/hederaerasmus.com\/it\/wp-json\/wp\/v2\/posts\/5284\/revisions"}],"predecessor-version":[{"id":5799,"href":"https:\/\/hederaerasmus.com\/it\/wp-json\/wp\/v2\/posts\/5284\/revisions\/5799"}],"wp:featuredmedia":[{"embeddable":true,"href":"https:\/\/hederaerasmus.com\/it\/wp-json\/wp\/v2\/media\/5266"}],"wp:attachment":[{"href":"https:\/\/hederaerasmus.com\/it\/wp-json\/wp\/v2\/media?parent=5284"}],"wp:term":[{"taxonomy":"category","embeddable":true,"href":"https:\/\/hederaerasmus.com\/it\/wp-json\/wp\/v2\/categories?post=5284"},{"taxonomy":"post_tag","embeddable":true,"href":"https:\/\/hederaerasmus.com\/it\/wp-json\/wp\/v2\/tags?post=5284"}],"curies":[{"name":"wp","href":"https:\/\/api.w.org\/{rel}","templated":true}]}}