{"id":5515,"date":"2025-03-26T14:08:21","date_gmt":"2025-03-26T13:08:21","guid":{"rendered":"https:\/\/hederaerasmus.com\/?p=5515"},"modified":"2025-03-26T16:28:59","modified_gmt":"2025-03-26T15:28:59","slug":"primer-informe-preliminar-resultats-del-projecte-hedera","status":"publish","type":"post","link":"https:\/\/hederaerasmus.com\/ca\/primer-informe-preliminar-resultats-del-projecte-hedera\/","title":{"rendered":"Primer informe preliminar: resultats del projecte Hedera"},"content":{"rendered":"<p>Compartim el primer informe de resultats del projecte Hedera, que ofereix una visi\u00f3 inicial sobre les fam\u00edlies que participen, les etapes del projecte, l&#8217;inici de la implementaci\u00f3 del model i el perfil i formaci\u00f3 dels i les professionals que fan realitat Hedera. Tot i que els resultats de Hedera s\u00f3n preliminars, les dades reflecteixen un aven\u00e7 positiu i un comen\u00e7ament prometedor per a aquest model d&#8217;intervenci\u00f3.<\/p>\n<h2>Una primera fotografia dels resultats del projecte Hedera<\/h2>\n<p>Fins al desembre de 2024, el projecte Hedera compta amb <strong>43 terapeutes i 115 fam\u00edlies participants<\/strong>. D&#8217;aquestes, un <strong>34,73\u202f%<\/strong> tenen progenitors separats, un <strong>21,5\u202f%<\/strong> s\u00f3n fam\u00edlies monoparentals i un <strong>10,34\u202f%<\/strong> s\u00f3n fam\u00edlies adoptives.<\/p>\n<p>El projecte segueix tres etapes principals:<\/p>\n<ul>\n<li>Desenvolupament del model d&#8217;intervenci\u00f3 i disseny de la investigaci\u00f3.<\/li>\n<li>Implementaci\u00f3 amb les fam\u00edlies, utilitzant q\u00fcestionaris i instruments d&#8217;an\u00e0lisi. Actualment, ens trobem en aquesta etapa.<\/li>\n<li>Formaci\u00f3 dirigida als professionals.<\/li>\n<\/ul>\n<p>Entre els motius de consulta de les fam\u00edlies es troben el refor\u00e7 de la funci\u00f3 parental i materna, el suport al benestar infantil i la gesti\u00f3 de problemes de conducta infantil.<\/p>\n<h2><img loading=\"lazy\" decoding=\"async\" class=\"alignnone wp-image-5476\" style=\"font-family: -apple-system, system-ui, BlinkMacSystemFont, 'Segoe UI', Helvetica, Arial, sans-serif, 'Apple Color Emoji', 'Segoe UI Emoji', 'Segoe UI Symbol';font-size: 17px\" src=\"https:\/\/hederaerasmus.com\/wp-content\/uploads\/2025\/03\/ESP-Primera-fotografia-de-los-resultados-300x212.png\" alt=\"\" width=\"993\" height=\"702\" srcset=\"https:\/\/hederaerasmus.com\/wp-content\/uploads\/2025\/03\/ESP-Primera-fotografia-de-los-resultados-300x212.png 300w, https:\/\/hederaerasmus.com\/wp-content\/uploads\/2025\/03\/ESP-Primera-fotografia-de-los-resultados-1024x724.png 1024w, https:\/\/hederaerasmus.com\/wp-content\/uploads\/2025\/03\/ESP-Primera-fotografia-de-los-resultados-768x543.png 768w, https:\/\/hederaerasmus.com\/wp-content\/uploads\/2025\/03\/ESP-Primera-fotografia-de-los-resultados-1536x1086.png 1536w, https:\/\/hederaerasmus.com\/wp-content\/uploads\/2025\/03\/ESP-Primera-fotografia-de-los-resultados.png 2000w\" sizes=\"auto, (max-width: 993px) 100vw, 993px\" \/><\/h2>\n<h2>Perfil professional de l&#8217;equip del projecte Hedera<\/h2>\n<p>L&#8217;equip del projecte est\u00e0 format per professionals d&#8217;entitats d&#8217;<strong>Espanya, Fran\u00e7a, It\u00e0lia i Romania<\/strong>. El<strong> 79\u202f%<\/strong> s\u00f3n dones, amb una edat mitjana de <strong>41 anys<\/strong>, i la majoria de l&#8217;equip prov\u00e9 de l&#8217;\u00e0mbit de la <strong>psicologia<\/strong>, seguida de l&#8217;<strong>educaci\u00f3 social<\/strong> i el <strong>treball social<\/strong>.<\/p>\n<p>Els i les professionals implicats\/ades s\u00f3n tots\/es terapeutes familiars amb formaci\u00f3 en<strong> ter\u00e0pia sist\u00e8mica i apegament<\/strong>, amb experi\u00e8ncia en<strong> intervenci\u00f3 socioeducativa<\/strong> i <strong>tractament del trauma<\/strong>. A m\u00e9s, un <strong>56\u202f%<\/strong> ja comptava amb experi\u00e8ncia en treball terap\u00e8utic a domicili abans de l&#8217;inici del projecte.<\/p>\n<h2><img loading=\"lazy\" decoding=\"async\" class=\"alignnone wp-image-5496\" src=\"https:\/\/hederaerasmus.com\/wp-content\/uploads\/2025\/03\/ESP-Profesionales-300x212.png\" alt=\"\" width=\"1000\" height=\"707\" srcset=\"https:\/\/hederaerasmus.com\/wp-content\/uploads\/2025\/03\/ESP-Profesionales-300x212.png 300w, https:\/\/hederaerasmus.com\/wp-content\/uploads\/2025\/03\/ESP-Profesionales-1024x724.png 1024w, https:\/\/hederaerasmus.com\/wp-content\/uploads\/2025\/03\/ESP-Profesionales-768x543.png 768w, https:\/\/hederaerasmus.com\/wp-content\/uploads\/2025\/03\/ESP-Profesionales-1536x1086.png 1536w, https:\/\/hederaerasmus.com\/wp-content\/uploads\/2025\/03\/ESP-Profesionales.png 2000w\" sizes=\"auto, (max-width: 1000px) 100vw, 1000px\" \/><\/h2>\n<h2>Formaci\u00f3 interna: base per a una implementaci\u00f3 efectiva<\/h2>\n<p>Cada entitat que forma part de Hedera ha dut a terme trobades formatives dirigides als i les professionals implicats\/ades en la implementaci\u00f3 del model. Aquestes trobades han tractat aspectes clau com la introducci\u00f3 al model Hedera, els seus principis, les t\u00e8cniques i metodologies emprades, i la recollida de dades.<\/p>\n<p>Les valoracions preliminars indiquen que la formaci\u00f3 ha estat valorada positivament pels i les participants. Un<strong> 62\u202f%<\/strong> dels enquestats van qualificar la sessi\u00f3 com <strong>&#8220;molt bona&#8221;<\/strong> i un <strong>50\u202f%<\/strong> van considerar els materials formatius com <strong>&#8220;molt bons&#8221;<\/strong>. Els aspectes m\u00e9s valorats inclouen la claredat en la descripci\u00f3 del proc\u00e9s d&#8217;intervenci\u00f3, el coneixement del context del projecte i l&#8217;oportunitat de refor\u00e7ar eines d&#8217;intervenci\u00f3 terap\u00e8utica a domicili.<\/p>\n<p>Quant a les habilitats necess\u00e0ries per dur a terme la ter\u00e0pia a domicili, els resultats mostren que els i les professionals van destacar la import\u00e0ncia de les t\u00e8cniques i eines, l&#8217;\u00fas d&#8217;instruments d&#8217;avaluaci\u00f3 i el desenvolupament de sessions.<\/p>\n<h2><img loading=\"lazy\" decoding=\"async\" class=\"alignnone wp-image-5503\" src=\"https:\/\/hederaerasmus.com\/wp-content\/uploads\/2025\/03\/ESP-Formacion-interna-300x212.png\" alt=\"\" width=\"1015\" height=\"717\" srcset=\"https:\/\/hederaerasmus.com\/wp-content\/uploads\/2025\/03\/ESP-Formacion-interna-300x212.png 300w, https:\/\/hederaerasmus.com\/wp-content\/uploads\/2025\/03\/ESP-Formacion-interna-1024x724.png 1024w, https:\/\/hederaerasmus.com\/wp-content\/uploads\/2025\/03\/ESP-Formacion-interna-768x543.png 768w, https:\/\/hederaerasmus.com\/wp-content\/uploads\/2025\/03\/ESP-Formacion-interna-1536x1086.png 1536w, https:\/\/hederaerasmus.com\/wp-content\/uploads\/2025\/03\/ESP-Formacion-interna.png 2000w\" sizes=\"auto, (max-width: 1015px) 100vw, 1015px\" \/><\/h2>\n<h2>Conclusi\u00f3<\/h2>\n<p>Aquest primer informe de resultats de Hedera proporciona una visi\u00f3 inicial dels aven\u00e7os en la formaci\u00f3 i la implementaci\u00f3 del model d&#8217;intervenci\u00f3 familiar a domicili. Tot i que encara \u00e9s aviat per afirmar resultats definitius, les dades preliminars reflecteixen una acollida positiva tant per part de l&#8217;equip professional com de les fam\u00edlies participants, la qual cosa augura un desenvolupament prometedor d&#8217;aquest model d&#8217;intervenci\u00f3 a mesura que avanci el projecte.<\/p>\n<p>&nbsp;<\/p>\n<p><strong>Segueix-nos a les nostres xarxes socials!<\/strong><\/p>\n<p><strong>Instagram:<\/strong> <a href=\"https:\/\/www.instagram.com\/hedera.erasmus\/\" target=\"_blank\" rel=\"noopener\">https:\/\/www.instagram.com\/hedera.erasmus\/<\/a><\/p>\n<p><strong>LinkedIn:<\/strong> <a href=\"https:\/\/www.linkedin.com\/company\/hedera-erasmus\" target=\"_blank\" rel=\"noopener\">https:\/\/www.linkedin.com\/company\/hedera-erasmus<\/a><\/p>\n","protected":false},"excerpt":{"rendered":"<p>Compartim el primer informe de resultats del projecte Hedera, que ofereix una visi\u00f3 inicial sobre les fam\u00edlies que participen, les etapes del projecte, l&#8217;inici de la implementaci\u00f3 del model i &#8230; <a title=\"Primer informe preliminar: resultats del projecte Hedera\" class=\"read-more\" href=\"https:\/\/hederaerasmus.com\/ca\/primer-informe-preliminar-resultats-del-projecte-hedera\/\" aria-label=\"M\u00e9s informaci\u00f3 sobre Primer informe preliminar: resultats del projecte Hedera\">+<\/a><\/p>\n","protected":false},"author":7,"featured_media":5518,"comment_status":"closed","ping_status":"closed","sticky":false,"template":"","format":"standard","meta":{"_acf_changed":false,"footnotes":""},"categories":[1],"tags":[],"class_list":["post-5515","post","type-post","status-publish","format-standard","has-post-thumbnail","hentry","category-sin-categorizar"],"acf":[],"yoast_head":"<!-- This site is optimized with the Yoast SEO plugin v27.4 - https:\/\/yoast.com\/product\/yoast-seo-wordpress\/ -->\n<title>Primer informe preliminar: resultats del projecte Hedera - Hedera<\/title>\n<meta name=\"description\" content=\"El primer informe de resultats del projecte Hedera, destacant la implementaci\u00f3n, formaci\u00f3 i perfil de l&#039;equipo de professionals.\" \/>\n<meta name=\"robots\" content=\"index, follow, max-snippet:-1, max-image-preview:large, max-video-preview:-1\" \/>\n<link rel=\"canonical\" href=\"https:\/\/hederaerasmus.com\/ca\/primer-informe-preliminar-resultats-del-projecte-hedera\/\" \/>\n<meta property=\"og:locale\" content=\"ca_ES\" \/>\n<meta property=\"og:type\" content=\"article\" \/>\n<meta property=\"og:title\" content=\"Primer informe preliminar: resultats del projecte Hedera - Hedera\" \/>\n<meta property=\"og:description\" content=\"El primer informe de resultats del projecte Hedera, destacant la implementaci\u00f3n, formaci\u00f3 i perfil de l&#039;equipo de professionals.\" \/>\n<meta property=\"og:url\" content=\"https:\/\/hederaerasmus.com\/ca\/primer-informe-preliminar-resultats-del-projecte-hedera\/\" \/>\n<meta property=\"og:site_name\" content=\"Hedera\" \/>\n<meta property=\"article:publisher\" content=\"https:\/\/www.facebook.com\/profile.php?id=61554260382997\" \/>\n<meta property=\"article:published_time\" content=\"2025-03-26T13:08:21+00:00\" \/>\n<meta property=\"article:modified_time\" content=\"2025-03-26T15:28:59+00:00\" \/>\n<meta property=\"og:image\" content=\"https:\/\/hederaerasmus.com\/wp-content\/uploads\/2025\/03\/WEB-ARTICLE-INFOGRAFIES.png\" \/>\n\t<meta property=\"og:image:width\" content=\"1200\" \/>\n\t<meta property=\"og:image:height\" content=\"630\" \/>\n\t<meta property=\"og:image:type\" content=\"image\/png\" \/>\n<meta name=\"author\" content=\"Silvia Casas\" \/>\n<meta name=\"twitter:card\" content=\"summary_large_image\" \/>\n<meta name=\"twitter:label1\" content=\"Escrit per\" \/>\n\t<meta name=\"twitter:data1\" content=\"Silvia Casas\" \/>\n\t<meta name=\"twitter:label2\" content=\"Temps estimat de lectura\" \/>\n\t<meta name=\"twitter:data2\" content=\"4 minuts\" \/>\n<script type=\"application\/ld+json\" class=\"yoast-schema-graph\">{\"@context\":\"https:\\\/\\\/schema.org\",\"@graph\":[{\"@type\":\"Article\",\"@id\":\"https:\\\/\\\/hederaerasmus.com\\\/ca\\\/primer-informe-preliminar-resultats-del-projecte-hedera\\\/#article\",\"isPartOf\":{\"@id\":\"https:\\\/\\\/hederaerasmus.com\\\/ca\\\/primer-informe-preliminar-resultats-del-projecte-hedera\\\/\"},\"author\":{\"name\":\"Silvia Casas\",\"@id\":\"https:\\\/\\\/hederaerasmus.com\\\/ca\\\/#\\\/schema\\\/person\\\/2f063f848d158324466e8ba21a66e834\"},\"headline\":\"Primer informe preliminar: resultats del projecte Hedera\",\"datePublished\":\"2025-03-26T13:08:21+00:00\",\"dateModified\":\"2025-03-26T15:28:59+00:00\",\"mainEntityOfPage\":{\"@id\":\"https:\\\/\\\/hederaerasmus.com\\\/ca\\\/primer-informe-preliminar-resultats-del-projecte-hedera\\\/\"},\"wordCount\":571,\"publisher\":{\"@id\":\"https:\\\/\\\/hederaerasmus.com\\\/ca\\\/#organization\"},\"image\":{\"@id\":\"https:\\\/\\\/hederaerasmus.com\\\/ca\\\/primer-informe-preliminar-resultats-del-projecte-hedera\\\/#primaryimage\"},\"thumbnailUrl\":\"https:\\\/\\\/hederaerasmus.com\\\/wp-content\\\/uploads\\\/2025\\\/03\\\/WEB-ARTICLE-INFOGRAFIES.png\",\"articleSection\":[\"Sin categorizar\"],\"inLanguage\":\"ca\"},{\"@type\":\"WebPage\",\"@id\":\"https:\\\/\\\/hederaerasmus.com\\\/ca\\\/primer-informe-preliminar-resultats-del-projecte-hedera\\\/\",\"url\":\"https:\\\/\\\/hederaerasmus.com\\\/ca\\\/primer-informe-preliminar-resultats-del-projecte-hedera\\\/\",\"name\":\"Primer informe preliminar: resultats del projecte Hedera - Hedera\",\"isPartOf\":{\"@id\":\"https:\\\/\\\/hederaerasmus.com\\\/ca\\\/#website\"},\"primaryImageOfPage\":{\"@id\":\"https:\\\/\\\/hederaerasmus.com\\\/ca\\\/primer-informe-preliminar-resultats-del-projecte-hedera\\\/#primaryimage\"},\"image\":{\"@id\":\"https:\\\/\\\/hederaerasmus.com\\\/ca\\\/primer-informe-preliminar-resultats-del-projecte-hedera\\\/#primaryimage\"},\"thumbnailUrl\":\"https:\\\/\\\/hederaerasmus.com\\\/wp-content\\\/uploads\\\/2025\\\/03\\\/WEB-ARTICLE-INFOGRAFIES.png\",\"datePublished\":\"2025-03-26T13:08:21+00:00\",\"dateModified\":\"2025-03-26T15:28:59+00:00\",\"description\":\"El primer informe de resultats del projecte Hedera, destacant la implementaci\u00f3n, formaci\u00f3 i perfil de l'equipo de professionals.\",\"breadcrumb\":{\"@id\":\"https:\\\/\\\/hederaerasmus.com\\\/ca\\\/primer-informe-preliminar-resultats-del-projecte-hedera\\\/#breadcrumb\"},\"inLanguage\":\"ca\",\"potentialAction\":[{\"@type\":\"ReadAction\",\"target\":[\"https:\\\/\\\/hederaerasmus.com\\\/ca\\\/primer-informe-preliminar-resultats-del-projecte-hedera\\\/\"]}]},{\"@type\":\"ImageObject\",\"inLanguage\":\"ca\",\"@id\":\"https:\\\/\\\/hederaerasmus.com\\\/ca\\\/primer-informe-preliminar-resultats-del-projecte-hedera\\\/#primaryimage\",\"url\":\"https:\\\/\\\/hederaerasmus.com\\\/wp-content\\\/uploads\\\/2025\\\/03\\\/WEB-ARTICLE-INFOGRAFIES.png\",\"contentUrl\":\"https:\\\/\\\/hederaerasmus.com\\\/wp-content\\\/uploads\\\/2025\\\/03\\\/WEB-ARTICLE-INFOGRAFIES.png\",\"width\":1200,\"height\":630},{\"@type\":\"BreadcrumbList\",\"@id\":\"https:\\\/\\\/hederaerasmus.com\\\/ca\\\/primer-informe-preliminar-resultats-del-projecte-hedera\\\/#breadcrumb\",\"itemListElement\":[{\"@type\":\"ListItem\",\"position\":1,\"name\":\"Portada\",\"item\":\"https:\\\/\\\/hederaerasmus.com\\\/ca\\\/\"},{\"@type\":\"ListItem\",\"position\":2,\"name\":\"Primer informe preliminar: resultats del projecte Hedera\"}]},{\"@type\":\"WebSite\",\"@id\":\"https:\\\/\\\/hederaerasmus.com\\\/ca\\\/#website\",\"url\":\"https:\\\/\\\/hederaerasmus.com\\\/ca\\\/\",\"name\":\"Hedera\",\"description\":\"\",\"publisher\":{\"@id\":\"https:\\\/\\\/hederaerasmus.com\\\/ca\\\/#organization\"},\"potentialAction\":[{\"@type\":\"SearchAction\",\"target\":{\"@type\":\"EntryPoint\",\"urlTemplate\":\"https:\\\/\\\/hederaerasmus.com\\\/ca\\\/?s={search_term_string}\"},\"query-input\":{\"@type\":\"PropertyValueSpecification\",\"valueRequired\":true,\"valueName\":\"search_term_string\"}}],\"inLanguage\":\"ca\"},{\"@type\":\"Organization\",\"@id\":\"https:\\\/\\\/hederaerasmus.com\\\/ca\\\/#organization\",\"name\":\"Hedera\",\"url\":\"https:\\\/\\\/hederaerasmus.com\\\/ca\\\/\",\"logo\":{\"@type\":\"ImageObject\",\"inLanguage\":\"ca\",\"@id\":\"https:\\\/\\\/hederaerasmus.com\\\/ca\\\/#\\\/schema\\\/logo\\\/image\\\/\",\"url\":\"https:\\\/\\\/hederaerasmus.com\\\/wp-content\\\/uploads\\\/2023\\\/06\\\/Logo.png\",\"contentUrl\":\"https:\\\/\\\/hederaerasmus.com\\\/wp-content\\\/uploads\\\/2023\\\/06\\\/Logo.png\",\"width\":2649,\"height\":2137,\"caption\":\"Hedera\"},\"image\":{\"@id\":\"https:\\\/\\\/hederaerasmus.com\\\/ca\\\/#\\\/schema\\\/logo\\\/image\\\/\"},\"sameAs\":[\"https:\\\/\\\/www.facebook.com\\\/profile.php?id=61554260382997\",\"https:\\\/\\\/www.instagram.com\\\/hedera.erasmus\"]},{\"@type\":\"Person\",\"@id\":\"https:\\\/\\\/hederaerasmus.com\\\/ca\\\/#\\\/schema\\\/person\\\/2f063f848d158324466e8ba21a66e834\",\"name\":\"Silvia Casas\",\"image\":{\"@type\":\"ImageObject\",\"inLanguage\":\"ca\",\"@id\":\"https:\\\/\\\/secure.gravatar.com\\\/avatar\\\/8e8e70922b3eb0f7b3a82f554836f41cd913c4d7d6d3d803b163e0b17980eefb?s=96&d=mm&r=g\",\"url\":\"https:\\\/\\\/secure.gravatar.com\\\/avatar\\\/8e8e70922b3eb0f7b3a82f554836f41cd913c4d7d6d3d803b163e0b17980eefb?s=96&d=mm&r=g\",\"contentUrl\":\"https:\\\/\\\/secure.gravatar.com\\\/avatar\\\/8e8e70922b3eb0f7b3a82f554836f41cd913c4d7d6d3d803b163e0b17980eefb?s=96&d=mm&r=g\",\"caption\":\"Silvia Casas\"},\"url\":\"https:\\\/\\\/hederaerasmus.com\\\/ca\\\/author\\\/silvia-casas\\\/\"}]}<\/script>\n<!-- \/ Yoast SEO plugin. -->","yoast_head_json":{"title":"Primer informe preliminar: resultats del projecte Hedera - Hedera","description":"El primer informe de resultats del projecte Hedera, destacant la implementaci\u00f3n, formaci\u00f3 i perfil de l'equipo de professionals.","robots":{"index":"index","follow":"follow","max-snippet":"max-snippet:-1","max-image-preview":"max-image-preview:large","max-video-preview":"max-video-preview:-1"},"canonical":"https:\/\/hederaerasmus.com\/ca\/primer-informe-preliminar-resultats-del-projecte-hedera\/","og_locale":"ca_ES","og_type":"article","og_title":"Primer informe preliminar: resultats del projecte Hedera - Hedera","og_description":"El primer informe de resultats del projecte Hedera, destacant la implementaci\u00f3n, formaci\u00f3 i perfil de l'equipo de professionals.","og_url":"https:\/\/hederaerasmus.com\/ca\/primer-informe-preliminar-resultats-del-projecte-hedera\/","og_site_name":"Hedera","article_publisher":"https:\/\/www.facebook.com\/profile.php?id=61554260382997","article_published_time":"2025-03-26T13:08:21+00:00","article_modified_time":"2025-03-26T15:28:59+00:00","og_image":[{"width":1200,"height":630,"url":"https:\/\/hederaerasmus.com\/wp-content\/uploads\/2025\/03\/WEB-ARTICLE-INFOGRAFIES.png","type":"image\/png"}],"author":"Silvia Casas","twitter_card":"summary_large_image","twitter_misc":{"Escrit per":"Silvia Casas","Temps estimat de lectura":"4 minuts"},"schema":{"@context":"https:\/\/schema.org","@graph":[{"@type":"Article","@id":"https:\/\/hederaerasmus.com\/ca\/primer-informe-preliminar-resultats-del-projecte-hedera\/#article","isPartOf":{"@id":"https:\/\/hederaerasmus.com\/ca\/primer-informe-preliminar-resultats-del-projecte-hedera\/"},"author":{"name":"Silvia Casas","@id":"https:\/\/hederaerasmus.com\/ca\/#\/schema\/person\/2f063f848d158324466e8ba21a66e834"},"headline":"Primer informe preliminar: resultats del projecte Hedera","datePublished":"2025-03-26T13:08:21+00:00","dateModified":"2025-03-26T15:28:59+00:00","mainEntityOfPage":{"@id":"https:\/\/hederaerasmus.com\/ca\/primer-informe-preliminar-resultats-del-projecte-hedera\/"},"wordCount":571,"publisher":{"@id":"https:\/\/hederaerasmus.com\/ca\/#organization"},"image":{"@id":"https:\/\/hederaerasmus.com\/ca\/primer-informe-preliminar-resultats-del-projecte-hedera\/#primaryimage"},"thumbnailUrl":"https:\/\/hederaerasmus.com\/wp-content\/uploads\/2025\/03\/WEB-ARTICLE-INFOGRAFIES.png","articleSection":["Sin categorizar"],"inLanguage":"ca"},{"@type":"WebPage","@id":"https:\/\/hederaerasmus.com\/ca\/primer-informe-preliminar-resultats-del-projecte-hedera\/","url":"https:\/\/hederaerasmus.com\/ca\/primer-informe-preliminar-resultats-del-projecte-hedera\/","name":"Primer informe preliminar: resultats del projecte Hedera - Hedera","isPartOf":{"@id":"https:\/\/hederaerasmus.com\/ca\/#website"},"primaryImageOfPage":{"@id":"https:\/\/hederaerasmus.com\/ca\/primer-informe-preliminar-resultats-del-projecte-hedera\/#primaryimage"},"image":{"@id":"https:\/\/hederaerasmus.com\/ca\/primer-informe-preliminar-resultats-del-projecte-hedera\/#primaryimage"},"thumbnailUrl":"https:\/\/hederaerasmus.com\/wp-content\/uploads\/2025\/03\/WEB-ARTICLE-INFOGRAFIES.png","datePublished":"2025-03-26T13:08:21+00:00","dateModified":"2025-03-26T15:28:59+00:00","description":"El primer informe de resultats del projecte Hedera, destacant la implementaci\u00f3n, formaci\u00f3 i perfil de l'equipo de professionals.","breadcrumb":{"@id":"https:\/\/hederaerasmus.com\/ca\/primer-informe-preliminar-resultats-del-projecte-hedera\/#breadcrumb"},"inLanguage":"ca","potentialAction":[{"@type":"ReadAction","target":["https:\/\/hederaerasmus.com\/ca\/primer-informe-preliminar-resultats-del-projecte-hedera\/"]}]},{"@type":"ImageObject","inLanguage":"ca","@id":"https:\/\/hederaerasmus.com\/ca\/primer-informe-preliminar-resultats-del-projecte-hedera\/#primaryimage","url":"https:\/\/hederaerasmus.com\/wp-content\/uploads\/2025\/03\/WEB-ARTICLE-INFOGRAFIES.png","contentUrl":"https:\/\/hederaerasmus.com\/wp-content\/uploads\/2025\/03\/WEB-ARTICLE-INFOGRAFIES.png","width":1200,"height":630},{"@type":"BreadcrumbList","@id":"https:\/\/hederaerasmus.com\/ca\/primer-informe-preliminar-resultats-del-projecte-hedera\/#breadcrumb","itemListElement":[{"@type":"ListItem","position":1,"name":"Portada","item":"https:\/\/hederaerasmus.com\/ca\/"},{"@type":"ListItem","position":2,"name":"Primer informe preliminar: resultats del projecte Hedera"}]},{"@type":"WebSite","@id":"https:\/\/hederaerasmus.com\/ca\/#website","url":"https:\/\/hederaerasmus.com\/ca\/","name":"Hedera","description":"","publisher":{"@id":"https:\/\/hederaerasmus.com\/ca\/#organization"},"potentialAction":[{"@type":"SearchAction","target":{"@type":"EntryPoint","urlTemplate":"https:\/\/hederaerasmus.com\/ca\/?s={search_term_string}"},"query-input":{"@type":"PropertyValueSpecification","valueRequired":true,"valueName":"search_term_string"}}],"inLanguage":"ca"},{"@type":"Organization","@id":"https:\/\/hederaerasmus.com\/ca\/#organization","name":"Hedera","url":"https:\/\/hederaerasmus.com\/ca\/","logo":{"@type":"ImageObject","inLanguage":"ca","@id":"https:\/\/hederaerasmus.com\/ca\/#\/schema\/logo\/image\/","url":"https:\/\/hederaerasmus.com\/wp-content\/uploads\/2023\/06\/Logo.png","contentUrl":"https:\/\/hederaerasmus.com\/wp-content\/uploads\/2023\/06\/Logo.png","width":2649,"height":2137,"caption":"Hedera"},"image":{"@id":"https:\/\/hederaerasmus.com\/ca\/#\/schema\/logo\/image\/"},"sameAs":["https:\/\/www.facebook.com\/profile.php?id=61554260382997","https:\/\/www.instagram.com\/hedera.erasmus"]},{"@type":"Person","@id":"https:\/\/hederaerasmus.com\/ca\/#\/schema\/person\/2f063f848d158324466e8ba21a66e834","name":"Silvia Casas","image":{"@type":"ImageObject","inLanguage":"ca","@id":"https:\/\/secure.gravatar.com\/avatar\/8e8e70922b3eb0f7b3a82f554836f41cd913c4d7d6d3d803b163e0b17980eefb?s=96&d=mm&r=g","url":"https:\/\/secure.gravatar.com\/avatar\/8e8e70922b3eb0f7b3a82f554836f41cd913c4d7d6d3d803b163e0b17980eefb?s=96&d=mm&r=g","contentUrl":"https:\/\/secure.gravatar.com\/avatar\/8e8e70922b3eb0f7b3a82f554836f41cd913c4d7d6d3d803b163e0b17980eefb?s=96&d=mm&r=g","caption":"Silvia Casas"},"url":"https:\/\/hederaerasmus.com\/ca\/author\/silvia-casas\/"}]}},"_links":{"self":[{"href":"https:\/\/hederaerasmus.com\/ca\/wp-json\/wp\/v2\/posts\/5515","targetHints":{"allow":["GET"]}}],"collection":[{"href":"https:\/\/hederaerasmus.com\/ca\/wp-json\/wp\/v2\/posts"}],"about":[{"href":"https:\/\/hederaerasmus.com\/ca\/wp-json\/wp\/v2\/types\/post"}],"author":[{"embeddable":true,"href":"https:\/\/hederaerasmus.com\/ca\/wp-json\/wp\/v2\/users\/7"}],"replies":[{"embeddable":true,"href":"https:\/\/hederaerasmus.com\/ca\/wp-json\/wp\/v2\/comments?post=5515"}],"version-history":[{"count":2,"href":"https:\/\/hederaerasmus.com\/ca\/wp-json\/wp\/v2\/posts\/5515\/revisions"}],"predecessor-version":[{"id":5517,"href":"https:\/\/hederaerasmus.com\/ca\/wp-json\/wp\/v2\/posts\/5515\/revisions\/5517"}],"wp:featuredmedia":[{"embeddable":true,"href":"https:\/\/hederaerasmus.com\/ca\/wp-json\/wp\/v2\/media\/5518"}],"wp:attachment":[{"href":"https:\/\/hederaerasmus.com\/ca\/wp-json\/wp\/v2\/media?parent=5515"}],"wp:term":[{"taxonomy":"category","embeddable":true,"href":"https:\/\/hederaerasmus.com\/ca\/wp-json\/wp\/v2\/categories?post=5515"},{"taxonomy":"post_tag","embeddable":true,"href":"https:\/\/hederaerasmus.com\/ca\/wp-json\/wp\/v2\/tags?post=5515"}],"curies":[{"name":"wp","href":"https:\/\/api.w.org\/{rel}","templated":true}]}}