{"id":5273,"date":"2025-03-25T13:01:02","date_gmt":"2025-03-25T12:01:02","guid":{"rendered":"https:\/\/hederaerasmus.com\/?p=5273"},"modified":"2025-03-31T11:09:54","modified_gmt":"2025-03-31T10:09:54","slug":"projecte-hedera-segona-trobada-presencial","status":"publish","type":"post","link":"https:\/\/hederaerasmus.com\/ca\/projecte-hedera-segona-trobada-presencial\/","title":{"rendered":"Projecte Hedera \u2013 Segona trobada presencial"},"content":{"rendered":"<p class=\"\" data-start=\"161\" data-end=\"491\">Del 29 al 31 de maig, l\u2019equip del projecte Hedera va viatjar a Romania per celebrar la seva segona trobada transnacional. La reuni\u00f3 va tenir lloc a la seu de HoltIS, l\u2019entitat col\u00b7laboradora romanesa, i es va convertir en un espai clau per continuar avan\u00e7ant en el desenvolupament d\u2019un model pioner de ter\u00e0pia familiar a domicili.<\/p>\n<h2 data-start=\"493\" data-end=\"550\">Una iniciativa Erasmus+ amb impacte en l&#8217;acci\u00f3 social<\/h2>\n<p class=\"\" data-start=\"552\" data-end=\"901\">Hedera \u00e9s un projecte europeu Erasmus+ que uneix cinc entitats de diferents pa\u00efsos amb un objectiu com\u00fa: dissenyar una proposta innovadora per a professionals de l\u2019acci\u00f3 social que intervenen en contextos familiars. Aquest model pret\u00e9n oferir eines pr\u00e0ctiques, te\u00f2riques i metodol\u00f2giques per fer intervencions familiars m\u00e9s eficaces dins de la llar.<\/p>\n<h2 data-start=\"903\" data-end=\"960\">Cooperaci\u00f3 internacional per a una transformaci\u00f3 real<\/h2>\n<p class=\"\" data-start=\"962\" data-end=\"1262\">Durant aquests tres dies a Romania, les entitats col\u00b7laboradores vam treballar colze a colze, compartint experi\u00e8ncies, coneixements i reptes comuns. L\u2019intercanvi de perspectives ens va permetre avan\u00e7ar conjuntament cap a un enfocament m\u00e9s integral i contextualitzat de la ter\u00e0pia familiar a domicili.<\/p>\n<p class=\"\" data-start=\"1264\" data-end=\"1525\">Aquesta segona trobada transnacional no nom\u00e9s va enfortir la cooperaci\u00f3 internacional entre professionals, sin\u00f3 que tamb\u00e9 va consolidar les bases del model Hedera, que continua evolucionant gr\u00e0cies al treball en xarxa i a la diversitat de mirades professionals.<\/p>\n<h2 data-start=\"1527\" data-end=\"1579\">Per qu\u00e8 un model de ter\u00e0pia familiar a domicili?<\/h2>\n<p class=\"\" data-start=\"1581\" data-end=\"1986\">El context familiar dins de la llar ofereix una oportunitat \u00fanica per comprendre les din\u00e0miques relacionals, intervenir d\u2019una manera m\u00e9s ajustada a la realitat de les fam\u00edlies i afavorir canvis sostenibles. El projecte Hedera respon a la necessitat de professionalitzar aquest tipus d\u2019intervenci\u00f3, dotant els i les professionals de noves compet\u00e8ncies, estrat\u00e8gies i marcs te\u00f2rics adaptats a aquest entorn.<\/p>\n<h2 data-start=\"1988\" data-end=\"2026\">Pr\u00f2xims passos del projecte Hedera<\/h2>\n<p class=\"\" data-start=\"2028\" data-end=\"2251\">El cam\u00ed continua. Despr\u00e9s d\u2019aquesta segona trobada, l\u2019equip de Hedera segueix treballant en la creaci\u00f3 de recursos formatius, materials pr\u00e0ctics i un marc com\u00fa que permeti transferir el model a diferents contextos europeus.<\/p>\n<p class=\"\" data-start=\"2253\" data-end=\"2381\">Continuarem compartint els aven\u00e7os d\u2019aquest projecte que aposta per una intervenci\u00f3 social m\u00e9s propera, humana i transformadora!<\/p>\n<p data-start=\"2253\" data-end=\"2381\"><strong><a href=\"https:\/\/www.instagram.com\/reel\/C8UIB2pNehy\/?utm_source=ig_web_copy_link&amp;igsh=MzRlODBiNWFlZA==\" target=\"_blank\" rel=\"noopener\">Video aqu\u00ed<\/a><\/strong><\/p>\n","protected":false},"excerpt":{"rendered":"<p>Del 29 al 31 de maig, l\u2019equip del projecte Hedera va viatjar a Romania per celebrar la seva segona trobada transnacional. La reuni\u00f3 va tenir lloc a la seu de &#8230; <a title=\"Projecte Hedera \u2013 Segona trobada presencial\" class=\"read-more\" href=\"https:\/\/hederaerasmus.com\/ca\/projecte-hedera-segona-trobada-presencial\/\" aria-label=\"M\u00e9s informaci\u00f3 sobre Projecte Hedera \u2013 Segona trobada presencial\">+<\/a><\/p>\n","protected":false},"author":7,"featured_media":5263,"comment_status":"closed","ping_status":"closed","sticky":false,"template":"","format":"standard","meta":{"_acf_changed":false,"footnotes":""},"categories":[1],"tags":[],"class_list":["post-5273","post","type-post","status-publish","format-standard","has-post-thumbnail","hentry","category-sin-categorizar"],"acf":[],"yoast_head":"<!-- This site is optimized with the Yoast SEO plugin v27.4 - https:\/\/yoast.com\/product\/yoast-seo-wordpress\/ -->\n<title>Projecte Hedera \u2013 Segona trobada presencial - Hedera<\/title>\n<meta name=\"description\" content=\"L\u2019equip del projecte Hedera va viatjar a HoltIS, a Romania, i va treballar per continuar avan\u00e7ant en el desenvolupament de Hedera.\" \/>\n<meta name=\"robots\" content=\"index, follow, max-snippet:-1, max-image-preview:large, max-video-preview:-1\" \/>\n<link rel=\"canonical\" href=\"https:\/\/hederaerasmus.com\/ca\/projecte-hedera-segona-trobada-presencial\/\" \/>\n<meta property=\"og:locale\" content=\"ca_ES\" \/>\n<meta property=\"og:type\" content=\"article\" \/>\n<meta property=\"og:title\" content=\"Projecte Hedera \u2013 Segona trobada presencial - Hedera\" \/>\n<meta property=\"og:description\" content=\"L\u2019equip del projecte Hedera va viatjar a HoltIS, a Romania, i va treballar per continuar avan\u00e7ant en el desenvolupament de Hedera.\" \/>\n<meta property=\"og:url\" content=\"https:\/\/hederaerasmus.com\/ca\/projecte-hedera-segona-trobada-presencial\/\" \/>\n<meta property=\"og:site_name\" content=\"Hedera\" \/>\n<meta property=\"article:publisher\" content=\"https:\/\/www.facebook.com\/profile.php?id=61554260382997\" \/>\n<meta property=\"article:published_time\" content=\"2025-03-25T12:01:02+00:00\" \/>\n<meta property=\"article:modified_time\" content=\"2025-03-31T10:09:54+00:00\" \/>\n<meta property=\"og:image\" content=\"https:\/\/hederaerasmus.com\/wp-content\/uploads\/2025\/03\/PHOTO-2024-06-03-12-10-24-e1742907435420.jpg\" \/>\n\t<meta property=\"og:image:width\" content=\"2048\" \/>\n\t<meta property=\"og:image:height\" content=\"1536\" \/>\n\t<meta property=\"og:image:type\" content=\"image\/jpeg\" \/>\n<meta name=\"author\" content=\"Silvia Casas\" \/>\n<meta name=\"twitter:card\" content=\"summary_large_image\" \/>\n<meta name=\"twitter:label1\" content=\"Escrit per\" \/>\n\t<meta name=\"twitter:data1\" content=\"Silvia Casas\" \/>\n\t<meta name=\"twitter:label2\" content=\"Temps estimat de lectura\" \/>\n\t<meta name=\"twitter:data2\" content=\"2 minuts\" \/>\n<script type=\"application\/ld+json\" class=\"yoast-schema-graph\">{\"@context\":\"https:\\\/\\\/schema.org\",\"@graph\":[{\"@type\":\"Article\",\"@id\":\"https:\\\/\\\/hederaerasmus.com\\\/ca\\\/projecte-hedera-segona-trobada-presencial\\\/#article\",\"isPartOf\":{\"@id\":\"https:\\\/\\\/hederaerasmus.com\\\/ca\\\/projecte-hedera-segona-trobada-presencial\\\/\"},\"author\":{\"name\":\"Silvia Casas\",\"@id\":\"https:\\\/\\\/hederaerasmus.com\\\/ca\\\/#\\\/schema\\\/person\\\/2f063f848d158324466e8ba21a66e834\"},\"headline\":\"Projecte Hedera \u2013 Segona trobada presencial\",\"datePublished\":\"2025-03-25T12:01:02+00:00\",\"dateModified\":\"2025-03-31T10:09:54+00:00\",\"mainEntityOfPage\":{\"@id\":\"https:\\\/\\\/hederaerasmus.com\\\/ca\\\/projecte-hedera-segona-trobada-presencial\\\/\"},\"wordCount\":369,\"publisher\":{\"@id\":\"https:\\\/\\\/hederaerasmus.com\\\/ca\\\/#organization\"},\"image\":{\"@id\":\"https:\\\/\\\/hederaerasmus.com\\\/ca\\\/projecte-hedera-segona-trobada-presencial\\\/#primaryimage\"},\"thumbnailUrl\":\"https:\\\/\\\/hederaerasmus.com\\\/wp-content\\\/uploads\\\/2025\\\/03\\\/PHOTO-2024-06-03-12-10-24-e1742907435420.jpg\",\"articleSection\":[\"Sin categorizar\"],\"inLanguage\":\"ca\"},{\"@type\":\"WebPage\",\"@id\":\"https:\\\/\\\/hederaerasmus.com\\\/ca\\\/projecte-hedera-segona-trobada-presencial\\\/\",\"url\":\"https:\\\/\\\/hederaerasmus.com\\\/ca\\\/projecte-hedera-segona-trobada-presencial\\\/\",\"name\":\"Projecte Hedera \u2013 Segona trobada presencial - Hedera\",\"isPartOf\":{\"@id\":\"https:\\\/\\\/hederaerasmus.com\\\/ca\\\/#website\"},\"primaryImageOfPage\":{\"@id\":\"https:\\\/\\\/hederaerasmus.com\\\/ca\\\/projecte-hedera-segona-trobada-presencial\\\/#primaryimage\"},\"image\":{\"@id\":\"https:\\\/\\\/hederaerasmus.com\\\/ca\\\/projecte-hedera-segona-trobada-presencial\\\/#primaryimage\"},\"thumbnailUrl\":\"https:\\\/\\\/hederaerasmus.com\\\/wp-content\\\/uploads\\\/2025\\\/03\\\/PHOTO-2024-06-03-12-10-24-e1742907435420.jpg\",\"datePublished\":\"2025-03-25T12:01:02+00:00\",\"dateModified\":\"2025-03-31T10:09:54+00:00\",\"description\":\"L\u2019equip del projecte Hedera va viatjar a HoltIS, a Romania, i va treballar per continuar avan\u00e7ant en el desenvolupament de Hedera.\",\"breadcrumb\":{\"@id\":\"https:\\\/\\\/hederaerasmus.com\\\/ca\\\/projecte-hedera-segona-trobada-presencial\\\/#breadcrumb\"},\"inLanguage\":\"ca\",\"potentialAction\":[{\"@type\":\"ReadAction\",\"target\":[\"https:\\\/\\\/hederaerasmus.com\\\/ca\\\/projecte-hedera-segona-trobada-presencial\\\/\"]}]},{\"@type\":\"ImageObject\",\"inLanguage\":\"ca\",\"@id\":\"https:\\\/\\\/hederaerasmus.com\\\/ca\\\/projecte-hedera-segona-trobada-presencial\\\/#primaryimage\",\"url\":\"https:\\\/\\\/hederaerasmus.com\\\/wp-content\\\/uploads\\\/2025\\\/03\\\/PHOTO-2024-06-03-12-10-24-e1742907435420.jpg\",\"contentUrl\":\"https:\\\/\\\/hederaerasmus.com\\\/wp-content\\\/uploads\\\/2025\\\/03\\\/PHOTO-2024-06-03-12-10-24-e1742907435420.jpg\",\"width\":2048,\"height\":1536,\"caption\":\"proyecto-hedera-ruman\u00eda\"},{\"@type\":\"BreadcrumbList\",\"@id\":\"https:\\\/\\\/hederaerasmus.com\\\/ca\\\/projecte-hedera-segona-trobada-presencial\\\/#breadcrumb\",\"itemListElement\":[{\"@type\":\"ListItem\",\"position\":1,\"name\":\"Portada\",\"item\":\"https:\\\/\\\/hederaerasmus.com\\\/ca\\\/\"},{\"@type\":\"ListItem\",\"position\":2,\"name\":\"Projecte Hedera \u2013 Segona trobada presencial\"}]},{\"@type\":\"WebSite\",\"@id\":\"https:\\\/\\\/hederaerasmus.com\\\/ca\\\/#website\",\"url\":\"https:\\\/\\\/hederaerasmus.com\\\/ca\\\/\",\"name\":\"Hedera\",\"description\":\"\",\"publisher\":{\"@id\":\"https:\\\/\\\/hederaerasmus.com\\\/ca\\\/#organization\"},\"potentialAction\":[{\"@type\":\"SearchAction\",\"target\":{\"@type\":\"EntryPoint\",\"urlTemplate\":\"https:\\\/\\\/hederaerasmus.com\\\/ca\\\/?s={search_term_string}\"},\"query-input\":{\"@type\":\"PropertyValueSpecification\",\"valueRequired\":true,\"valueName\":\"search_term_string\"}}],\"inLanguage\":\"ca\"},{\"@type\":\"Organization\",\"@id\":\"https:\\\/\\\/hederaerasmus.com\\\/ca\\\/#organization\",\"name\":\"Hedera\",\"url\":\"https:\\\/\\\/hederaerasmus.com\\\/ca\\\/\",\"logo\":{\"@type\":\"ImageObject\",\"inLanguage\":\"ca\",\"@id\":\"https:\\\/\\\/hederaerasmus.com\\\/ca\\\/#\\\/schema\\\/logo\\\/image\\\/\",\"url\":\"https:\\\/\\\/hederaerasmus.com\\\/wp-content\\\/uploads\\\/2023\\\/06\\\/Logo.png\",\"contentUrl\":\"https:\\\/\\\/hederaerasmus.com\\\/wp-content\\\/uploads\\\/2023\\\/06\\\/Logo.png\",\"width\":2649,\"height\":2137,\"caption\":\"Hedera\"},\"image\":{\"@id\":\"https:\\\/\\\/hederaerasmus.com\\\/ca\\\/#\\\/schema\\\/logo\\\/image\\\/\"},\"sameAs\":[\"https:\\\/\\\/www.facebook.com\\\/profile.php?id=61554260382997\",\"https:\\\/\\\/www.instagram.com\\\/hedera.erasmus\"]},{\"@type\":\"Person\",\"@id\":\"https:\\\/\\\/hederaerasmus.com\\\/ca\\\/#\\\/schema\\\/person\\\/2f063f848d158324466e8ba21a66e834\",\"name\":\"Silvia Casas\",\"image\":{\"@type\":\"ImageObject\",\"inLanguage\":\"ca\",\"@id\":\"https:\\\/\\\/secure.gravatar.com\\\/avatar\\\/8e8e70922b3eb0f7b3a82f554836f41cd913c4d7d6d3d803b163e0b17980eefb?s=96&d=mm&r=g\",\"url\":\"https:\\\/\\\/secure.gravatar.com\\\/avatar\\\/8e8e70922b3eb0f7b3a82f554836f41cd913c4d7d6d3d803b163e0b17980eefb?s=96&d=mm&r=g\",\"contentUrl\":\"https:\\\/\\\/secure.gravatar.com\\\/avatar\\\/8e8e70922b3eb0f7b3a82f554836f41cd913c4d7d6d3d803b163e0b17980eefb?s=96&d=mm&r=g\",\"caption\":\"Silvia Casas\"},\"url\":\"https:\\\/\\\/hederaerasmus.com\\\/ca\\\/author\\\/silvia-casas\\\/\"}]}<\/script>\n<!-- \/ Yoast SEO plugin. -->","yoast_head_json":{"title":"Projecte Hedera \u2013 Segona trobada presencial - Hedera","description":"L\u2019equip del projecte Hedera va viatjar a HoltIS, a Romania, i va treballar per continuar avan\u00e7ant en el desenvolupament de Hedera.","robots":{"index":"index","follow":"follow","max-snippet":"max-snippet:-1","max-image-preview":"max-image-preview:large","max-video-preview":"max-video-preview:-1"},"canonical":"https:\/\/hederaerasmus.com\/ca\/projecte-hedera-segona-trobada-presencial\/","og_locale":"ca_ES","og_type":"article","og_title":"Projecte Hedera \u2013 Segona trobada presencial - Hedera","og_description":"L\u2019equip del projecte Hedera va viatjar a HoltIS, a Romania, i va treballar per continuar avan\u00e7ant en el desenvolupament de Hedera.","og_url":"https:\/\/hederaerasmus.com\/ca\/projecte-hedera-segona-trobada-presencial\/","og_site_name":"Hedera","article_publisher":"https:\/\/www.facebook.com\/profile.php?id=61554260382997","article_published_time":"2025-03-25T12:01:02+00:00","article_modified_time":"2025-03-31T10:09:54+00:00","og_image":[{"width":2048,"height":1536,"url":"https:\/\/hederaerasmus.com\/wp-content\/uploads\/2025\/03\/PHOTO-2024-06-03-12-10-24-e1742907435420.jpg","type":"image\/jpeg"}],"author":"Silvia Casas","twitter_card":"summary_large_image","twitter_misc":{"Escrit per":"Silvia Casas","Temps estimat de lectura":"2 minuts"},"schema":{"@context":"https:\/\/schema.org","@graph":[{"@type":"Article","@id":"https:\/\/hederaerasmus.com\/ca\/projecte-hedera-segona-trobada-presencial\/#article","isPartOf":{"@id":"https:\/\/hederaerasmus.com\/ca\/projecte-hedera-segona-trobada-presencial\/"},"author":{"name":"Silvia Casas","@id":"https:\/\/hederaerasmus.com\/ca\/#\/schema\/person\/2f063f848d158324466e8ba21a66e834"},"headline":"Projecte Hedera \u2013 Segona trobada presencial","datePublished":"2025-03-25T12:01:02+00:00","dateModified":"2025-03-31T10:09:54+00:00","mainEntityOfPage":{"@id":"https:\/\/hederaerasmus.com\/ca\/projecte-hedera-segona-trobada-presencial\/"},"wordCount":369,"publisher":{"@id":"https:\/\/hederaerasmus.com\/ca\/#organization"},"image":{"@id":"https:\/\/hederaerasmus.com\/ca\/projecte-hedera-segona-trobada-presencial\/#primaryimage"},"thumbnailUrl":"https:\/\/hederaerasmus.com\/wp-content\/uploads\/2025\/03\/PHOTO-2024-06-03-12-10-24-e1742907435420.jpg","articleSection":["Sin categorizar"],"inLanguage":"ca"},{"@type":"WebPage","@id":"https:\/\/hederaerasmus.com\/ca\/projecte-hedera-segona-trobada-presencial\/","url":"https:\/\/hederaerasmus.com\/ca\/projecte-hedera-segona-trobada-presencial\/","name":"Projecte Hedera \u2013 Segona trobada presencial - Hedera","isPartOf":{"@id":"https:\/\/hederaerasmus.com\/ca\/#website"},"primaryImageOfPage":{"@id":"https:\/\/hederaerasmus.com\/ca\/projecte-hedera-segona-trobada-presencial\/#primaryimage"},"image":{"@id":"https:\/\/hederaerasmus.com\/ca\/projecte-hedera-segona-trobada-presencial\/#primaryimage"},"thumbnailUrl":"https:\/\/hederaerasmus.com\/wp-content\/uploads\/2025\/03\/PHOTO-2024-06-03-12-10-24-e1742907435420.jpg","datePublished":"2025-03-25T12:01:02+00:00","dateModified":"2025-03-31T10:09:54+00:00","description":"L\u2019equip del projecte Hedera va viatjar a HoltIS, a Romania, i va treballar per continuar avan\u00e7ant en el desenvolupament de Hedera.","breadcrumb":{"@id":"https:\/\/hederaerasmus.com\/ca\/projecte-hedera-segona-trobada-presencial\/#breadcrumb"},"inLanguage":"ca","potentialAction":[{"@type":"ReadAction","target":["https:\/\/hederaerasmus.com\/ca\/projecte-hedera-segona-trobada-presencial\/"]}]},{"@type":"ImageObject","inLanguage":"ca","@id":"https:\/\/hederaerasmus.com\/ca\/projecte-hedera-segona-trobada-presencial\/#primaryimage","url":"https:\/\/hederaerasmus.com\/wp-content\/uploads\/2025\/03\/PHOTO-2024-06-03-12-10-24-e1742907435420.jpg","contentUrl":"https:\/\/hederaerasmus.com\/wp-content\/uploads\/2025\/03\/PHOTO-2024-06-03-12-10-24-e1742907435420.jpg","width":2048,"height":1536,"caption":"proyecto-hedera-ruman\u00eda"},{"@type":"BreadcrumbList","@id":"https:\/\/hederaerasmus.com\/ca\/projecte-hedera-segona-trobada-presencial\/#breadcrumb","itemListElement":[{"@type":"ListItem","position":1,"name":"Portada","item":"https:\/\/hederaerasmus.com\/ca\/"},{"@type":"ListItem","position":2,"name":"Projecte Hedera \u2013 Segona trobada presencial"}]},{"@type":"WebSite","@id":"https:\/\/hederaerasmus.com\/ca\/#website","url":"https:\/\/hederaerasmus.com\/ca\/","name":"Hedera","description":"","publisher":{"@id":"https:\/\/hederaerasmus.com\/ca\/#organization"},"potentialAction":[{"@type":"SearchAction","target":{"@type":"EntryPoint","urlTemplate":"https:\/\/hederaerasmus.com\/ca\/?s={search_term_string}"},"query-input":{"@type":"PropertyValueSpecification","valueRequired":true,"valueName":"search_term_string"}}],"inLanguage":"ca"},{"@type":"Organization","@id":"https:\/\/hederaerasmus.com\/ca\/#organization","name":"Hedera","url":"https:\/\/hederaerasmus.com\/ca\/","logo":{"@type":"ImageObject","inLanguage":"ca","@id":"https:\/\/hederaerasmus.com\/ca\/#\/schema\/logo\/image\/","url":"https:\/\/hederaerasmus.com\/wp-content\/uploads\/2023\/06\/Logo.png","contentUrl":"https:\/\/hederaerasmus.com\/wp-content\/uploads\/2023\/06\/Logo.png","width":2649,"height":2137,"caption":"Hedera"},"image":{"@id":"https:\/\/hederaerasmus.com\/ca\/#\/schema\/logo\/image\/"},"sameAs":["https:\/\/www.facebook.com\/profile.php?id=61554260382997","https:\/\/www.instagram.com\/hedera.erasmus"]},{"@type":"Person","@id":"https:\/\/hederaerasmus.com\/ca\/#\/schema\/person\/2f063f848d158324466e8ba21a66e834","name":"Silvia Casas","image":{"@type":"ImageObject","inLanguage":"ca","@id":"https:\/\/secure.gravatar.com\/avatar\/8e8e70922b3eb0f7b3a82f554836f41cd913c4d7d6d3d803b163e0b17980eefb?s=96&d=mm&r=g","url":"https:\/\/secure.gravatar.com\/avatar\/8e8e70922b3eb0f7b3a82f554836f41cd913c4d7d6d3d803b163e0b17980eefb?s=96&d=mm&r=g","contentUrl":"https:\/\/secure.gravatar.com\/avatar\/8e8e70922b3eb0f7b3a82f554836f41cd913c4d7d6d3d803b163e0b17980eefb?s=96&d=mm&r=g","caption":"Silvia Casas"},"url":"https:\/\/hederaerasmus.com\/ca\/author\/silvia-casas\/"}]}},"_links":{"self":[{"href":"https:\/\/hederaerasmus.com\/ca\/wp-json\/wp\/v2\/posts\/5273","targetHints":{"allow":["GET"]}}],"collection":[{"href":"https:\/\/hederaerasmus.com\/ca\/wp-json\/wp\/v2\/posts"}],"about":[{"href":"https:\/\/hederaerasmus.com\/ca\/wp-json\/wp\/v2\/types\/post"}],"author":[{"embeddable":true,"href":"https:\/\/hederaerasmus.com\/ca\/wp-json\/wp\/v2\/users\/7"}],"replies":[{"embeddable":true,"href":"https:\/\/hederaerasmus.com\/ca\/wp-json\/wp\/v2\/comments?post=5273"}],"version-history":[{"count":2,"href":"https:\/\/hederaerasmus.com\/ca\/wp-json\/wp\/v2\/posts\/5273\/revisions"}],"predecessor-version":[{"id":5795,"href":"https:\/\/hederaerasmus.com\/ca\/wp-json\/wp\/v2\/posts\/5273\/revisions\/5795"}],"wp:featuredmedia":[{"embeddable":true,"href":"https:\/\/hederaerasmus.com\/ca\/wp-json\/wp\/v2\/media\/5263"}],"wp:attachment":[{"href":"https:\/\/hederaerasmus.com\/ca\/wp-json\/wp\/v2\/media?parent=5273"}],"wp:term":[{"taxonomy":"category","embeddable":true,"href":"https:\/\/hederaerasmus.com\/ca\/wp-json\/wp\/v2\/categories?post=5273"},{"taxonomy":"post_tag","embeddable":true,"href":"https:\/\/hederaerasmus.com\/ca\/wp-json\/wp\/v2\/tags?post=5273"}],"curies":[{"name":"wp","href":"https:\/\/api.w.org\/{rel}","templated":true}]}}