{"id":1124,"date":"2023-12-05T13:22:15","date_gmt":"2023-12-05T12:22:15","guid":{"rendered":"https:\/\/hederaerasmus.com\/primera-reunion-presencial-del-proyecto\/"},"modified":"2025-03-25T14:14:24","modified_gmt":"2025-03-25T13:14:24","slug":"primera-reunio-presencial-del-projecte","status":"publish","type":"post","link":"https:\/\/hederaerasmus.com\/ca\/primera-reunio-presencial-del-projecte\/","title":{"rendered":"Projecte Hedera \u2013 Primera trobada presencial"},"content":{"rendered":"<div class=\"wpb-content-wrapper\"><p>[vc_row][vc_column][vc_column_text]Hedera va aconseguir recentment una fita significativa amb la seva primera reuni\u00f3 presencial realitzada els dies 29 i 30 de novembre i 1 de desembre. Les sis entitats col\u00b7laboradores involucrades en el projecte es van reunir a Bilbao, on es troba la seu de l&#8217;Associaci\u00f3 Agintzari.<\/p>\n<p>Durant aquests tres dies, els i les participants es van submergir en xerrades i presentacions centrades en els diversos paquets de treball fonamentals per a la iniciativa Hedera. Aquestes sessions van proporcionar una visi\u00f3 integral dels objectius del projecte, les metodologies i les tasques espec\u00edfiques associades amb cada paquet de treball.<\/p>\n<p>L&#8217;atmosfera col\u00b7laborativa va fomentar un ric intercanvi d&#8217;idees i perspectives entre professionals de diversos camps, contribuint a una comprensi\u00f3 m\u00e9s profunda del model integral de ter\u00e0pia familiar que s&#8217;est\u00e0 desenvolupant. La reuni\u00f3 va servir com a plataforma per a alinear estrat\u00e8gies, compartir idees i enfortir l&#8217;esperit col\u00b7laboratiu entre les entitats involucrades en aquest innovador projecte.<\/p>\n<p>Aviat continuarem compartint les \u00faltimes novetats![\/vc_column_text][\/vc_column][\/vc_row]<\/p>\n<\/div>","protected":false},"excerpt":{"rendered":"<p>[vc_row][vc_column][vc_column_text]Hedera va aconseguir recentment una fita significativa amb la seva primera reuni\u00f3 presencial realitzada els dies 29 i 30 de novembre i 1 de desembre. Les sis entitats col\u00b7laboradores involucrades &#8230; <a title=\"Projecte Hedera \u2013 Primera trobada presencial\" class=\"read-more\" href=\"https:\/\/hederaerasmus.com\/ca\/primera-reunio-presencial-del-projecte\/\" aria-label=\"M\u00e9s informaci\u00f3 sobre Projecte Hedera \u2013 Primera trobada presencial\">+<\/a><\/p>\n","protected":false},"author":5,"featured_media":977,"comment_status":"closed","ping_status":"closed","sticky":false,"template":"","format":"standard","meta":{"_acf_changed":false,"footnotes":""},"categories":[],"tags":[],"class_list":["post-1124","post","type-post","status-publish","format-standard","has-post-thumbnail","hentry"],"acf":[],"yoast_head":"<!-- This site is optimized with the Yoast SEO plugin v27.4 - https:\/\/yoast.com\/product\/yoast-seo-wordpress\/ -->\n<title>Projecte Hedera \u2013 Primera trobada presencial - Hedera<\/title>\n<meta name=\"description\" content=\"Les entitats col\u00b7laboradores involucrades en el projecte Hedera es van reunir a Bilbao, seu de l\u2019Associaci\u00f3 Agintzari.\" \/>\n<meta name=\"robots\" content=\"index, follow, max-snippet:-1, max-image-preview:large, max-video-preview:-1\" \/>\n<link rel=\"canonical\" href=\"https:\/\/hederaerasmus.com\/ca\/primera-reunio-presencial-del-projecte\/\" \/>\n<meta property=\"og:locale\" content=\"ca_ES\" \/>\n<meta property=\"og:type\" content=\"article\" \/>\n<meta property=\"og:title\" content=\"Projecte Hedera \u2013 Primera trobada presencial - Hedera\" \/>\n<meta property=\"og:description\" content=\"Les entitats col\u00b7laboradores involucrades en el projecte Hedera es van reunir a Bilbao, seu de l\u2019Associaci\u00f3 Agintzari.\" \/>\n<meta property=\"og:url\" content=\"https:\/\/hederaerasmus.com\/ca\/primera-reunio-presencial-del-projecte\/\" \/>\n<meta property=\"og:site_name\" content=\"Hedera\" \/>\n<meta property=\"article:publisher\" content=\"https:\/\/www.facebook.com\/profile.php?id=61554260382997\" \/>\n<meta property=\"article:published_time\" content=\"2023-12-05T12:22:15+00:00\" \/>\n<meta property=\"article:modified_time\" content=\"2025-03-25T13:14:24+00:00\" \/>\n<meta property=\"og:image\" content=\"https:\/\/hederaerasmus.com\/wp-content\/uploads\/2023\/12\/f7471e1d-05be-45b3-ab07-75e43d8bf573-e1706544511198.jpg\" \/>\n\t<meta property=\"og:image:width\" content=\"1024\" \/>\n\t<meta property=\"og:image:height\" content=\"768\" \/>\n\t<meta property=\"og:image:type\" content=\"image\/jpeg\" \/>\n<meta name=\"author\" content=\"Ver\u00f3nica Esp\u00ednola\" \/>\n<meta name=\"twitter:card\" content=\"summary_large_image\" \/>\n<meta name=\"twitter:label1\" content=\"Escrit per\" \/>\n\t<meta name=\"twitter:data1\" content=\"Ver\u00f3nica Esp\u00ednola\" \/>\n\t<meta name=\"twitter:label2\" content=\"Temps estimat de lectura\" \/>\n\t<meta name=\"twitter:data2\" content=\"1 minut\" \/>\n<script type=\"application\/ld+json\" class=\"yoast-schema-graph\">{\"@context\":\"https:\\\/\\\/schema.org\",\"@graph\":[{\"@type\":\"Article\",\"@id\":\"https:\\\/\\\/hederaerasmus.com\\\/ca\\\/primera-reunio-presencial-del-projecte\\\/#article\",\"isPartOf\":{\"@id\":\"https:\\\/\\\/hederaerasmus.com\\\/ca\\\/primera-reunio-presencial-del-projecte\\\/\"},\"author\":{\"name\":\"Ver\u00f3nica Esp\u00ednola\",\"@id\":\"https:\\\/\\\/hederaerasmus.com\\\/ca\\\/#\\\/schema\\\/person\\\/fcb0c204842b3878597f0fa83db1211c\"},\"headline\":\"Projecte Hedera \u2013 Primera trobada presencial\",\"datePublished\":\"2023-12-05T12:22:15+00:00\",\"dateModified\":\"2025-03-25T13:14:24+00:00\",\"mainEntityOfPage\":{\"@id\":\"https:\\\/\\\/hederaerasmus.com\\\/ca\\\/primera-reunio-presencial-del-projecte\\\/\"},\"wordCount\":186,\"publisher\":{\"@id\":\"https:\\\/\\\/hederaerasmus.com\\\/ca\\\/#organization\"},\"image\":{\"@id\":\"https:\\\/\\\/hederaerasmus.com\\\/ca\\\/primera-reunio-presencial-del-projecte\\\/#primaryimage\"},\"thumbnailUrl\":\"https:\\\/\\\/hederaerasmus.com\\\/wp-content\\\/uploads\\\/2023\\\/12\\\/f7471e1d-05be-45b3-ab07-75e43d8bf573-e1706544511198.jpg\",\"inLanguage\":\"ca\"},{\"@type\":\"WebPage\",\"@id\":\"https:\\\/\\\/hederaerasmus.com\\\/ca\\\/primera-reunio-presencial-del-projecte\\\/\",\"url\":\"https:\\\/\\\/hederaerasmus.com\\\/ca\\\/primera-reunio-presencial-del-projecte\\\/\",\"name\":\"Projecte Hedera \u2013 Primera trobada presencial - Hedera\",\"isPartOf\":{\"@id\":\"https:\\\/\\\/hederaerasmus.com\\\/ca\\\/#website\"},\"primaryImageOfPage\":{\"@id\":\"https:\\\/\\\/hederaerasmus.com\\\/ca\\\/primera-reunio-presencial-del-projecte\\\/#primaryimage\"},\"image\":{\"@id\":\"https:\\\/\\\/hederaerasmus.com\\\/ca\\\/primera-reunio-presencial-del-projecte\\\/#primaryimage\"},\"thumbnailUrl\":\"https:\\\/\\\/hederaerasmus.com\\\/wp-content\\\/uploads\\\/2023\\\/12\\\/f7471e1d-05be-45b3-ab07-75e43d8bf573-e1706544511198.jpg\",\"datePublished\":\"2023-12-05T12:22:15+00:00\",\"dateModified\":\"2025-03-25T13:14:24+00:00\",\"description\":\"Les entitats col\u00b7laboradores involucrades en el projecte Hedera es van reunir a Bilbao, seu de l\u2019Associaci\u00f3 Agintzari.\",\"breadcrumb\":{\"@id\":\"https:\\\/\\\/hederaerasmus.com\\\/ca\\\/primera-reunio-presencial-del-projecte\\\/#breadcrumb\"},\"inLanguage\":\"ca\",\"potentialAction\":[{\"@type\":\"ReadAction\",\"target\":[\"https:\\\/\\\/hederaerasmus.com\\\/ca\\\/primera-reunio-presencial-del-projecte\\\/\"]}]},{\"@type\":\"ImageObject\",\"inLanguage\":\"ca\",\"@id\":\"https:\\\/\\\/hederaerasmus.com\\\/ca\\\/primera-reunio-presencial-del-projecte\\\/#primaryimage\",\"url\":\"https:\\\/\\\/hederaerasmus.com\\\/wp-content\\\/uploads\\\/2023\\\/12\\\/f7471e1d-05be-45b3-ab07-75e43d8bf573-e1706544511198.jpg\",\"contentUrl\":\"https:\\\/\\\/hederaerasmus.com\\\/wp-content\\\/uploads\\\/2023\\\/12\\\/f7471e1d-05be-45b3-ab07-75e43d8bf573-e1706544511198.jpg\",\"width\":1024,\"height\":768},{\"@type\":\"BreadcrumbList\",\"@id\":\"https:\\\/\\\/hederaerasmus.com\\\/ca\\\/primera-reunio-presencial-del-projecte\\\/#breadcrumb\",\"itemListElement\":[{\"@type\":\"ListItem\",\"position\":1,\"name\":\"Portada\",\"item\":\"https:\\\/\\\/hederaerasmus.com\\\/ca\\\/\"},{\"@type\":\"ListItem\",\"position\":2,\"name\":\"Projecte Hedera \u2013 Primera trobada presencial\"}]},{\"@type\":\"WebSite\",\"@id\":\"https:\\\/\\\/hederaerasmus.com\\\/ca\\\/#website\",\"url\":\"https:\\\/\\\/hederaerasmus.com\\\/ca\\\/\",\"name\":\"Hedera\",\"description\":\"\",\"publisher\":{\"@id\":\"https:\\\/\\\/hederaerasmus.com\\\/ca\\\/#organization\"},\"potentialAction\":[{\"@type\":\"SearchAction\",\"target\":{\"@type\":\"EntryPoint\",\"urlTemplate\":\"https:\\\/\\\/hederaerasmus.com\\\/ca\\\/?s={search_term_string}\"},\"query-input\":{\"@type\":\"PropertyValueSpecification\",\"valueRequired\":true,\"valueName\":\"search_term_string\"}}],\"inLanguage\":\"ca\"},{\"@type\":\"Organization\",\"@id\":\"https:\\\/\\\/hederaerasmus.com\\\/ca\\\/#organization\",\"name\":\"Hedera\",\"url\":\"https:\\\/\\\/hederaerasmus.com\\\/ca\\\/\",\"logo\":{\"@type\":\"ImageObject\",\"inLanguage\":\"ca\",\"@id\":\"https:\\\/\\\/hederaerasmus.com\\\/ca\\\/#\\\/schema\\\/logo\\\/image\\\/\",\"url\":\"https:\\\/\\\/hederaerasmus.com\\\/wp-content\\\/uploads\\\/2023\\\/06\\\/Logo.png\",\"contentUrl\":\"https:\\\/\\\/hederaerasmus.com\\\/wp-content\\\/uploads\\\/2023\\\/06\\\/Logo.png\",\"width\":2649,\"height\":2137,\"caption\":\"Hedera\"},\"image\":{\"@id\":\"https:\\\/\\\/hederaerasmus.com\\\/ca\\\/#\\\/schema\\\/logo\\\/image\\\/\"},\"sameAs\":[\"https:\\\/\\\/www.facebook.com\\\/profile.php?id=61554260382997\",\"https:\\\/\\\/www.instagram.com\\\/hedera.erasmus\"]},{\"@type\":\"Person\",\"@id\":\"https:\\\/\\\/hederaerasmus.com\\\/ca\\\/#\\\/schema\\\/person\\\/fcb0c204842b3878597f0fa83db1211c\",\"name\":\"Ver\u00f3nica Esp\u00ednola\",\"image\":{\"@type\":\"ImageObject\",\"inLanguage\":\"ca\",\"@id\":\"https:\\\/\\\/secure.gravatar.com\\\/avatar\\\/d6a7ca33fade4f018df0728e6089b0f15cfe276f3ad92af921512f3aed7e1d60?s=96&d=mm&r=g\",\"url\":\"https:\\\/\\\/secure.gravatar.com\\\/avatar\\\/d6a7ca33fade4f018df0728e6089b0f15cfe276f3ad92af921512f3aed7e1d60?s=96&d=mm&r=g\",\"contentUrl\":\"https:\\\/\\\/secure.gravatar.com\\\/avatar\\\/d6a7ca33fade4f018df0728e6089b0f15cfe276f3ad92af921512f3aed7e1d60?s=96&d=mm&r=g\",\"caption\":\"Ver\u00f3nica Esp\u00ednola\"},\"url\":\"https:\\\/\\\/hederaerasmus.com\\\/ca\\\/author\\\/veronica-espinola\\\/\"}]}<\/script>\n<!-- \/ Yoast SEO plugin. -->","yoast_head_json":{"title":"Projecte Hedera \u2013 Primera trobada presencial - Hedera","description":"Les entitats col\u00b7laboradores involucrades en el projecte Hedera es van reunir a Bilbao, seu de l\u2019Associaci\u00f3 Agintzari.","robots":{"index":"index","follow":"follow","max-snippet":"max-snippet:-1","max-image-preview":"max-image-preview:large","max-video-preview":"max-video-preview:-1"},"canonical":"https:\/\/hederaerasmus.com\/ca\/primera-reunio-presencial-del-projecte\/","og_locale":"ca_ES","og_type":"article","og_title":"Projecte Hedera \u2013 Primera trobada presencial - Hedera","og_description":"Les entitats col\u00b7laboradores involucrades en el projecte Hedera es van reunir a Bilbao, seu de l\u2019Associaci\u00f3 Agintzari.","og_url":"https:\/\/hederaerasmus.com\/ca\/primera-reunio-presencial-del-projecte\/","og_site_name":"Hedera","article_publisher":"https:\/\/www.facebook.com\/profile.php?id=61554260382997","article_published_time":"2023-12-05T12:22:15+00:00","article_modified_time":"2025-03-25T13:14:24+00:00","og_image":[{"width":1024,"height":768,"url":"https:\/\/hederaerasmus.com\/wp-content\/uploads\/2023\/12\/f7471e1d-05be-45b3-ab07-75e43d8bf573-e1706544511198.jpg","type":"image\/jpeg"}],"author":"Ver\u00f3nica Esp\u00ednola","twitter_card":"summary_large_image","twitter_misc":{"Escrit per":"Ver\u00f3nica Esp\u00ednola","Temps estimat de lectura":"1 minut"},"schema":{"@context":"https:\/\/schema.org","@graph":[{"@type":"Article","@id":"https:\/\/hederaerasmus.com\/ca\/primera-reunio-presencial-del-projecte\/#article","isPartOf":{"@id":"https:\/\/hederaerasmus.com\/ca\/primera-reunio-presencial-del-projecte\/"},"author":{"name":"Ver\u00f3nica Esp\u00ednola","@id":"https:\/\/hederaerasmus.com\/ca\/#\/schema\/person\/fcb0c204842b3878597f0fa83db1211c"},"headline":"Projecte Hedera \u2013 Primera trobada presencial","datePublished":"2023-12-05T12:22:15+00:00","dateModified":"2025-03-25T13:14:24+00:00","mainEntityOfPage":{"@id":"https:\/\/hederaerasmus.com\/ca\/primera-reunio-presencial-del-projecte\/"},"wordCount":186,"publisher":{"@id":"https:\/\/hederaerasmus.com\/ca\/#organization"},"image":{"@id":"https:\/\/hederaerasmus.com\/ca\/primera-reunio-presencial-del-projecte\/#primaryimage"},"thumbnailUrl":"https:\/\/hederaerasmus.com\/wp-content\/uploads\/2023\/12\/f7471e1d-05be-45b3-ab07-75e43d8bf573-e1706544511198.jpg","inLanguage":"ca"},{"@type":"WebPage","@id":"https:\/\/hederaerasmus.com\/ca\/primera-reunio-presencial-del-projecte\/","url":"https:\/\/hederaerasmus.com\/ca\/primera-reunio-presencial-del-projecte\/","name":"Projecte Hedera \u2013 Primera trobada presencial - Hedera","isPartOf":{"@id":"https:\/\/hederaerasmus.com\/ca\/#website"},"primaryImageOfPage":{"@id":"https:\/\/hederaerasmus.com\/ca\/primera-reunio-presencial-del-projecte\/#primaryimage"},"image":{"@id":"https:\/\/hederaerasmus.com\/ca\/primera-reunio-presencial-del-projecte\/#primaryimage"},"thumbnailUrl":"https:\/\/hederaerasmus.com\/wp-content\/uploads\/2023\/12\/f7471e1d-05be-45b3-ab07-75e43d8bf573-e1706544511198.jpg","datePublished":"2023-12-05T12:22:15+00:00","dateModified":"2025-03-25T13:14:24+00:00","description":"Les entitats col\u00b7laboradores involucrades en el projecte Hedera es van reunir a Bilbao, seu de l\u2019Associaci\u00f3 Agintzari.","breadcrumb":{"@id":"https:\/\/hederaerasmus.com\/ca\/primera-reunio-presencial-del-projecte\/#breadcrumb"},"inLanguage":"ca","potentialAction":[{"@type":"ReadAction","target":["https:\/\/hederaerasmus.com\/ca\/primera-reunio-presencial-del-projecte\/"]}]},{"@type":"ImageObject","inLanguage":"ca","@id":"https:\/\/hederaerasmus.com\/ca\/primera-reunio-presencial-del-projecte\/#primaryimage","url":"https:\/\/hederaerasmus.com\/wp-content\/uploads\/2023\/12\/f7471e1d-05be-45b3-ab07-75e43d8bf573-e1706544511198.jpg","contentUrl":"https:\/\/hederaerasmus.com\/wp-content\/uploads\/2023\/12\/f7471e1d-05be-45b3-ab07-75e43d8bf573-e1706544511198.jpg","width":1024,"height":768},{"@type":"BreadcrumbList","@id":"https:\/\/hederaerasmus.com\/ca\/primera-reunio-presencial-del-projecte\/#breadcrumb","itemListElement":[{"@type":"ListItem","position":1,"name":"Portada","item":"https:\/\/hederaerasmus.com\/ca\/"},{"@type":"ListItem","position":2,"name":"Projecte Hedera \u2013 Primera trobada presencial"}]},{"@type":"WebSite","@id":"https:\/\/hederaerasmus.com\/ca\/#website","url":"https:\/\/hederaerasmus.com\/ca\/","name":"Hedera","description":"","publisher":{"@id":"https:\/\/hederaerasmus.com\/ca\/#organization"},"potentialAction":[{"@type":"SearchAction","target":{"@type":"EntryPoint","urlTemplate":"https:\/\/hederaerasmus.com\/ca\/?s={search_term_string}"},"query-input":{"@type":"PropertyValueSpecification","valueRequired":true,"valueName":"search_term_string"}}],"inLanguage":"ca"},{"@type":"Organization","@id":"https:\/\/hederaerasmus.com\/ca\/#organization","name":"Hedera","url":"https:\/\/hederaerasmus.com\/ca\/","logo":{"@type":"ImageObject","inLanguage":"ca","@id":"https:\/\/hederaerasmus.com\/ca\/#\/schema\/logo\/image\/","url":"https:\/\/hederaerasmus.com\/wp-content\/uploads\/2023\/06\/Logo.png","contentUrl":"https:\/\/hederaerasmus.com\/wp-content\/uploads\/2023\/06\/Logo.png","width":2649,"height":2137,"caption":"Hedera"},"image":{"@id":"https:\/\/hederaerasmus.com\/ca\/#\/schema\/logo\/image\/"},"sameAs":["https:\/\/www.facebook.com\/profile.php?id=61554260382997","https:\/\/www.instagram.com\/hedera.erasmus"]},{"@type":"Person","@id":"https:\/\/hederaerasmus.com\/ca\/#\/schema\/person\/fcb0c204842b3878597f0fa83db1211c","name":"Ver\u00f3nica Esp\u00ednola","image":{"@type":"ImageObject","inLanguage":"ca","@id":"https:\/\/secure.gravatar.com\/avatar\/d6a7ca33fade4f018df0728e6089b0f15cfe276f3ad92af921512f3aed7e1d60?s=96&d=mm&r=g","url":"https:\/\/secure.gravatar.com\/avatar\/d6a7ca33fade4f018df0728e6089b0f15cfe276f3ad92af921512f3aed7e1d60?s=96&d=mm&r=g","contentUrl":"https:\/\/secure.gravatar.com\/avatar\/d6a7ca33fade4f018df0728e6089b0f15cfe276f3ad92af921512f3aed7e1d60?s=96&d=mm&r=g","caption":"Ver\u00f3nica Esp\u00ednola"},"url":"https:\/\/hederaerasmus.com\/ca\/author\/veronica-espinola\/"}]}},"_links":{"self":[{"href":"https:\/\/hederaerasmus.com\/ca\/wp-json\/wp\/v2\/posts\/1124","targetHints":{"allow":["GET"]}}],"collection":[{"href":"https:\/\/hederaerasmus.com\/ca\/wp-json\/wp\/v2\/posts"}],"about":[{"href":"https:\/\/hederaerasmus.com\/ca\/wp-json\/wp\/v2\/types\/post"}],"author":[{"embeddable":true,"href":"https:\/\/hederaerasmus.com\/ca\/wp-json\/wp\/v2\/users\/5"}],"replies":[{"embeddable":true,"href":"https:\/\/hederaerasmus.com\/ca\/wp-json\/wp\/v2\/comments?post=1124"}],"version-history":[{"count":2,"href":"https:\/\/hederaerasmus.com\/ca\/wp-json\/wp\/v2\/posts\/1124\/revisions"}],"predecessor-version":[{"id":5292,"href":"https:\/\/hederaerasmus.com\/ca\/wp-json\/wp\/v2\/posts\/1124\/revisions\/5292"}],"wp:featuredmedia":[{"embeddable":true,"href":"https:\/\/hederaerasmus.com\/ca\/wp-json\/wp\/v2\/media\/977"}],"wp:attachment":[{"href":"https:\/\/hederaerasmus.com\/ca\/wp-json\/wp\/v2\/media?parent=1124"}],"wp:term":[{"taxonomy":"category","embeddable":true,"href":"https:\/\/hederaerasmus.com\/ca\/wp-json\/wp\/v2\/categories?post=1124"},{"taxonomy":"post_tag","embeddable":true,"href":"https:\/\/hederaerasmus.com\/ca\/wp-json\/wp\/v2\/tags?post=1124"}],"curies":[{"name":"wp","href":"https:\/\/api.w.org\/{rel}","templated":true}]}}